{"id":9720,"date":"2018-11-05T15:59:15","date_gmt":"2018-11-05T17:59:15","guid":{"rendered":"https:\/\/ampid.org.br\/site2020\/?p=9720"},"modified":"2020-09-14T16:00:40","modified_gmt":"2020-09-14T19:00:40","slug":"nota-contra-as-alteracoes-do-decreto-9-546-2018-que-restabeleca-compatibilidade-de-funcoes-e-deficiencia-aptidao-plena-do-candidato-para-concursos-publicos","status":"publish","type":"post","link":"https:\/\/ampid.org.br\/site2020\/?p=9720","title":{"rendered":"Nota contra as altera\u00e7\u00f5es do Decreto 9.546.2018 que restabele\u00e7a compatibilidade de fun\u00e7\u00f5es e defici\u00eancia (aptid\u00e3o plena) do candidato para Concursos P\u00fablicos"},"content":{"rendered":"<p><strong>A Associa\u00e7\u00e3o Nacional dos Membros do Minist\u00e9rio P\u00fablico de Defesa dos Direitos das Pessoas com Defici\u00eancia e Idosos \u2013 AMPID\u00a0<\/strong>se manifesta contr\u00e1ria \u00e0s altera\u00e7\u00f5es Decreto n\u00ba 9.546, de 30 de outubro de 2018 que modificou o Decreto n\u00ba 9.508, de 24 de setembro de 2018,\u00a0<em>para excluir a previs\u00e3o de adapta\u00e7\u00e3o das provas f\u00edsicas para candidatos com defici\u00eancia e estabelecer que os crit\u00e9rios de aprova\u00e7\u00e3o dessas provas poder\u00e3o seguir os mesmos crit\u00e9rios aplicados aos demais candidatos<\/em>.<\/p>\n<p>&nbsp;<\/p>\n<p>&nbsp;<\/p>\n<p>A ementa do Decreto n\u00ba 9.546, de 30 de outubro de 2018 \u00e9 de clareza solar ao apresentar o prop\u00f3sito do regulamento que \u00e9 a exclus\u00e3o de previs\u00e3o de adapta\u00e7\u00e3o das provas f\u00edsicas. Isso significa que a Administra\u00e7\u00e3o P\u00fablica poder\u00e1 negar a adapta\u00e7\u00e3o de provas f\u00edsicas e outras adapta\u00e7\u00f5es aos candidatos com defici\u00eancia, n\u00e3o importa a atividade ou fun\u00e7\u00e3o do cargo.<\/p>\n<p>&nbsp;<\/p>\n<p>&nbsp;<\/p>\n<p>O par\u00e1grafo quarto acrescentado ao artigo 4\u00ba do Decreto n\u00ba 9.508\/2018 \u00e9 ardiloso, menos claro, por\u00e9m diz exatamente o que a ementa (tal como um ato falho) corresponde:<\/p>\n<p>&nbsp;<\/p>\n<p>&nbsp;<\/p>\n<p>Art. 4\u00ba \u00a7 4\u00ba. Os crit\u00e9rios de aprova\u00e7\u00e3o nas provas f\u00edsicas para os candidatos com defici\u00eancia, inclusive durante o curso de forma\u00e7\u00e3o, se houver, e no est\u00e1gio probat\u00f3rio ou no per\u00edodo de experi\u00eancia,\u00a0<em>poder\u00e3o ser os mesmos crit\u00e9rios aplicados aos demais candidatos, conforme previsto no edital<\/em>. (NR)<\/p>\n<p>&nbsp;<\/p>\n<p>&nbsp;<\/p>\n<p>Ao afirmar que \u201c<em>poder\u00e3o ser os mesmos crit\u00e9rios aplicados aos demais candidatos, conforme previsto no edital<\/em>\u201d abre a possibilidade de o Administrador P\u00fablico, em determinadas \u00e1reas, atividades e fun\u00e7\u00f5es, aplicar a ultrapassada concep\u00e7\u00e3o de compatibilidade da fun\u00e7\u00e3o e da defici\u00eancia ou a aptid\u00e3o plena do candidato, Com isso, fere normas constitucional, convencional e leis ordin\u00e1rias:<\/p>\n<p>&nbsp;<\/p>\n<p>&nbsp;<\/p>\n<p>o artigo 7\u00ba inciso XXXI da Constitui\u00e7\u00e3o da Rep\u00fablica que n\u00e3o permite discriminar por crit\u00e9rios de admiss\u00e3o;<\/p>\n<p>&nbsp;<\/p>\n<p>&nbsp;<\/p>\n<p>o Artigo 2 da Conven\u00e7\u00e3o sobre os Direitos das Pessoas com Defici\u00eancia (CDPD) (Decreto n\u00ba 6.949\/2009) que n\u00e3o permite discriminar por motivo de defici\u00eancia e que afirma que recusar a adapta\u00e7\u00e3o razo\u00e1vel \u00e9 crime, tal como previsto ordinariamente na Lei 1\u00ba 7.853\/1989, com as altera\u00e7\u00f5es do artigo 98 da Lei Brasileira da Inclus\u00e3o da Pessoa com Defici\u00eancia (LBI) (Lei n\u00ba\u00a0 13.146\/2015), que constitui em crime pun\u00edvel com reclus\u00e3o de dois a cinco anos e multa para quem obstar a inscri\u00e7\u00e3o em concurso p\u00fablico ou acesso de algu\u00e9m a qualquer cargo ou emprego p\u00fablico, em raz\u00e3o de sua defici\u00eancia;<\/p>\n<p>&nbsp;<\/p>\n<p>&nbsp;<\/p>\n<p>o Artigo 3 da CDPD que trata da igualdade de oportunidades e da acessibilidade, todos incorporados \u00e0 LBI, \u00e0 qual est\u00e3o obrigadas as entidades contratadas para a realiza\u00e7\u00e3o de processos de concurso p\u00fablico e seletivos, al\u00e9m do Administrador P\u00fablico (artigo 38 da LBI);<\/p>\n<p>&nbsp;<\/p>\n<p>&nbsp;<\/p>\n<p>o Artigo 27 da CDPD que reconhece o direito de as pessoas com defici\u00eancia serem empregados no setor p\u00fablico, observada a n\u00e3o discrimina\u00e7\u00e3o baseada na defici\u00eancia (artigo 27, item 1, al\u00edneas\u00a0<em>a,g<\/em>);<\/p>\n<p>&nbsp;<\/p>\n<p>&nbsp;<\/p>\n<p>as Leis n\u00bas 10.048\/2000, 10.098\/2000 e o Decreto n\u00ba 5.296\/2004 que tratam do atendimento priorit\u00e1rio e acessibilidade no \u00e2mbito da administra\u00e7\u00e3o p\u00fablica.<\/p>\n<p>&nbsp;<\/p>\n<p>&nbsp;<\/p>\n<p>A\u00a0<strong>AMPID<\/strong>, tanto quanto a sociedade brasileira, espera que as inst\u00e2ncias competentes do Congresso Nacional e do Minist\u00e9rio P\u00fablico Federal, dentro de suas \u00e1reas de compet\u00eancia, tomem as provid\u00eancias para\u00a0 manter inc\u00f3lume os direitos dos candidatos com defici\u00eancia ao concurso p\u00fablico no \u00e2mbito da Administra\u00e7\u00e3o P\u00fablica Direta e Indireta, mantendo inatac\u00e1veis os direitos conquistados e previstos na Conven\u00e7\u00e3o sobre os Direitos das Pessoas com Defici\u00eancia (CDPD) e na Lei Brasileira de Inclus\u00e3o da Pessoa com Defici\u00eancia (LBI).<\/p>\n<p>&nbsp;<\/p>\n<p>&nbsp;<\/p>\n<p>&nbsp;<\/p>\n<p>Bras\u00edlia, 05 de novembro de 2018.<\/p>\n<p>&nbsp;<\/p>\n<p>&nbsp;<\/p>\n<p>Alexandre Alc\u00e2ntara \u2013 Presidente<\/p>\n<p>Maria Aparecida Gugel \u2013 Vice-presidente<\/p>\n","protected":false},"excerpt":{"rendered":"<p>A Associa\u00e7\u00e3o Nacional dos Membros do Minist\u00e9rio P\u00fablico de Defesa dos Direitos das Pessoas com Defici\u00eancia e Idosos \u2013 AMPID\u00a0se manifesta contr\u00e1ria \u00e0s altera\u00e7\u00f5es Decreto n\u00ba 9.546, de 30 de outubro de 2018 que modificou o Decreto n\u00ba 9.508, de 24 de setembro de 2018,\u00a0para excluir a previs\u00e3o de adapta\u00e7\u00e3o das provas f\u00edsicas para candidatos&#8230;<\/p>\n","protected":false},"author":1,"featured_media":9667,"comment_status":"open","ping_status":"open","sticky":false,"template":"","format":"standard","meta":{"_acf_changed":false,"inline_featured_image":false,"footnotes":""},"categories":[22,31,32],"tags":[100,25,62,63],"class_list":["post-9720","post","type-post","status-publish","format-standard","has-post-thumbnail","hentry","category-notas","category-pessoas-com-deficiencia","category-publicacoes-em-destaque","tag-100","tag-ampid","tag-concurso-publico","tag-pessoas-com-deficiencia"],"acf":[],"_links":{"self":[{"href":"https:\/\/ampid.org.br\/site2020\/index.php?rest_route=\/wp\/v2\/posts\/9720","targetHints":{"allow":["GET"]}}],"collection":[{"href":"https:\/\/ampid.org.br\/site2020\/index.php?rest_route=\/wp\/v2\/posts"}],"about":[{"href":"https:\/\/ampid.org.br\/site2020\/index.php?rest_route=\/wp\/v2\/types\/post"}],"author":[{"embeddable":true,"href":"https:\/\/ampid.org.br\/site2020\/index.php?rest_route=\/wp\/v2\/users\/1"}],"replies":[{"embeddable":true,"href":"https:\/\/ampid.org.br\/site2020\/index.php?rest_route=%2Fwp%2Fv2%2Fcomments&post=9720"}],"version-history":[{"count":1,"href":"https:\/\/ampid.org.br\/site2020\/index.php?rest_route=\/wp\/v2\/posts\/9720\/revisions"}],"predecessor-version":[{"id":9721,"href":"https:\/\/ampid.org.br\/site2020\/index.php?rest_route=\/wp\/v2\/posts\/9720\/revisions\/9721"}],"wp:featuredmedia":[{"embeddable":true,"href":"https:\/\/ampid.org.br\/site2020\/index.php?rest_route=\/wp\/v2\/media\/9667"}],"wp:attachment":[{"href":"https:\/\/ampid.org.br\/site2020\/index.php?rest_route=%2Fwp%2Fv2%2Fmedia&parent=9720"}],"wp:term":[{"taxonomy":"category","embeddable":true,"href":"https:\/\/ampid.org.br\/site2020\/index.php?rest_route=%2Fwp%2Fv2%2Fcategories&post=9720"},{"taxonomy":"post_tag","embeddable":true,"href":"https:\/\/ampid.org.br\/site2020\/index.php?rest_route=%2Fwp%2Fv2%2Ftags&post=9720"}],"curies":[{"name":"wp","href":"https:\/\/api.w.org\/{rel}","templated":true}]}}