{"id":9553,"date":"2020-08-11T11:37:09","date_gmt":"2020-08-11T14:37:09","guid":{"rendered":"https:\/\/ampid.org.br\/site2020\/?p=9553"},"modified":"2020-09-14T15:42:44","modified_gmt":"2020-09-14T18:42:44","slug":"nota-de-falecimento","status":"publish","type":"post","link":"https:\/\/ampid.org.br\/site2020\/?p=9553","title":{"rendered":"Nota de Falecimento"},"content":{"rendered":"<h3><strong>NOTA DE FALECIMENTO<\/strong><\/h3>\n<p><img loading=\"lazy\" decoding=\"async\" class=\"alignnone size-medium wp-image-9557\" src=\"https:\/\/ampid.org.br\/site2020\/wp-content\/uploads\/2020\/08\/kasuo2-284x300.jpg\" alt=\"\" width=\"284\" height=\"300\" srcset=\"https:\/\/ampid.org.br\/site2020\/wp-content\/uploads\/2020\/08\/kasuo2-284x300.jpg 284w, https:\/\/ampid.org.br\/site2020\/wp-content\/uploads\/2020\/08\/kasuo2.jpg 350w\" sizes=\"auto, (max-width: 284px) 100vw, 284px\" \/><\/p>\n<p>A Associa\u00e7\u00e3o Nacional de Membros do Minist\u00e9rio P\u00fablico de Defesa dos Direitos dos Idosos e Pessoas com Defici\u00eancia \u2013 AMPID comunica com imenso pesar o falecimento do Promotor de Justi\u00e7a aposentado do Tocantins e associado Jos\u00e9 Kasuo Otsuka, ocorrido neste s\u00e1bado, o8 de agosto de 2020, mais uma v\u00edtima do Covid-19.<\/p>\n<p>A Diretoria ressalta a valiosa participa\u00e7\u00e3o do colega Kasuo no percurso de lutas associativas da AMPID e de seu engajamento na defesa dos direitos das pessoas idosas e das pessoas com defici\u00eancia.<\/p>\n<p>Nossos mais profundos p\u00easames \u00e0 fam\u00edlia e amigos.<\/p>\n<p>&nbsp;<\/p>\n<p><strong>Maria Aparecida Gugel<br \/>\n<\/strong>Presidenta<\/p>\n<p><strong>Gabriele Gadelha Barboza de Almeida<br \/>\n<\/strong>Vice-Presidenta<\/p>\n","protected":false},"excerpt":{"rendered":"<p>NOTA DE FALECIMENTO A Associa\u00e7\u00e3o Nacional de Membros do Minist\u00e9rio P\u00fablico de Defesa dos Direitos dos Idosos e Pessoas com Defici\u00eancia \u2013 AMPID comunica com imenso pesar o falecimento do Promotor de Justi\u00e7a aposentado do Tocantins e associado Jos\u00e9 Kasuo Otsuka, ocorrido neste s\u00e1bado, o8 de agosto de 2020, mais uma v\u00edtima do Covid-19. A&#8230;<\/p>\n","protected":false},"author":1,"featured_media":9555,"comment_status":"open","ping_status":"open","sticky":false,"template":"","format":"standard","meta":{"_acf_changed":false,"inline_featured_image":false,"footnotes":""},"categories":[22],"tags":[102,25,93,45,94,20],"class_list":["post-9553","post","type-post","status-publish","format-standard","has-post-thumbnail","hentry","category-notas","tag-102","tag-ampid","tag-direito-a-pessoa-idosa-institucionalizada","tag-pessoa-idosa","tag-pessoa-idosa-institucionalizada","tag-slider"],"acf":[],"_links":{"self":[{"href":"https:\/\/ampid.org.br\/site2020\/index.php?rest_route=\/wp\/v2\/posts\/9553","targetHints":{"allow":["GET"]}}],"collection":[{"href":"https:\/\/ampid.org.br\/site2020\/index.php?rest_route=\/wp\/v2\/posts"}],"about":[{"href":"https:\/\/ampid.org.br\/site2020\/index.php?rest_route=\/wp\/v2\/types\/post"}],"author":[{"embeddable":true,"href":"https:\/\/ampid.org.br\/site2020\/index.php?rest_route=\/wp\/v2\/users\/1"}],"replies":[{"embeddable":true,"href":"https:\/\/ampid.org.br\/site2020\/index.php?rest_route=%2Fwp%2Fv2%2Fcomments&post=9553"}],"version-history":[{"count":3,"href":"https:\/\/ampid.org.br\/site2020\/index.php?rest_route=\/wp\/v2\/posts\/9553\/revisions"}],"predecessor-version":[{"id":9558,"href":"https:\/\/ampid.org.br\/site2020\/index.php?rest_route=\/wp\/v2\/posts\/9553\/revisions\/9558"}],"wp:featuredmedia":[{"embeddable":true,"href":"https:\/\/ampid.org.br\/site2020\/index.php?rest_route=\/wp\/v2\/media\/9555"}],"wp:attachment":[{"href":"https:\/\/ampid.org.br\/site2020\/index.php?rest_route=%2Fwp%2Fv2%2Fmedia&parent=9553"}],"wp:term":[{"taxonomy":"category","embeddable":true,"href":"https:\/\/ampid.org.br\/site2020\/index.php?rest_route=%2Fwp%2Fv2%2Fcategories&post=9553"},{"taxonomy":"post_tag","embeddable":true,"href":"https:\/\/ampid.org.br\/site2020\/index.php?rest_route=%2Fwp%2Fv2%2Ftags&post=9553"}],"curies":[{"name":"wp","href":"https:\/\/api.w.org\/{rel}","templated":true}]}}