{"id":4774,"date":"2019-08-03T19:51:24","date_gmt":"2019-08-03T22:51:24","guid":{"rendered":"http:\/\/impreza11.us-themes.com\/?p=4774"},"modified":"2020-11-25T15:52:05","modified_gmt":"2020-11-25T18:52:05","slug":"brasil-participa-conferencia-onu-direitos-pessoas-deficiencia","status":"publish","type":"post","link":"https:\/\/ampid.org.br\/site2020\/?p=4774","title":{"rendered":"Brasil participa da Confer\u00eancia da ONU sobre Direitos da Pessoa com Defici\u00eancia"},"content":{"rendered":"<p>Durante os tr\u00eas dias da confer\u00eancia est\u00e3o previstos pain\u00e9is, palestras e debates organizados por pa\u00edses, organiza\u00e7\u00f5es internacionais e entidades da sociedade civil ligadas ao movimento das pessoas com defici\u00eancia.<\/p>\n<p>Delega\u00e7\u00e3o liderada pelo secret\u00e1rio-executivo do Minist\u00e9rio dos Direitos Humanos, Engels Muniz, com representantes da Secretaria Nacional dos Direitos da Pessoa com Defici\u00eancia participa da 11\u00aa Confer\u00eancia de Pa\u00edses Signat\u00e1rios da Conven\u00e7\u00e3o da ONU (COSP), entre os dias 12 e 14 de junho, em Nova Iorque (EUA). Neste ano, o tema principal do evento \u00e9 \u201cDeixando ningu\u00e9m para tr\u00e1s atrav\u00e9s da implementa\u00e7\u00e3o completa da Conven\u00e7\u00e3o dos Direitos das Pessoas com Defici\u00eancia (CDPD)\u201d.<\/p>\n<p><img loading=\"lazy\" decoding=\"async\" class=\"alignnone wp-image-8935 size-full\" src=\"https:\/\/ampid.org.br\/site2020\/wp-content\/uploads\/2019\/08\/94ce82b3-0da5-4c24-9292-9d6d50ed7a41.jpeg\" alt=\"\" width=\"960\" height=\"575\" srcset=\"https:\/\/ampid.org.br\/site2020\/wp-content\/uploads\/2019\/08\/94ce82b3-0da5-4c24-9292-9d6d50ed7a41.jpeg 960w, https:\/\/ampid.org.br\/site2020\/wp-content\/uploads\/2019\/08\/94ce82b3-0da5-4c24-9292-9d6d50ed7a41-300x180.jpeg 300w\" sizes=\"auto, (max-width: 960px) 100vw, 960px\" \/><br \/>\n<em>Delega\u00e7\u00e3o brasileira \u2013 dentre ele, os Associados da AMPID, Dra. Sandra L\u00facia Garcia Massud e Dr. S\u00e9rgio Carib\u00e9 -, \u00e9 liderada pelo pelo secret\u00e1rio-executivo do Minist\u00e9rio dos Direitos Humanos, Engels Muniz, na 11\u00aa Confer\u00eancia de Pa\u00edses Signat\u00e1rios da Conven\u00e7\u00e3o da ONU (COSP) (Foto: Arquivo Miss\u00e3o do Brasil junto \u00e0 ONU)<\/em><\/p>\n<h5>Foram 3 dias<\/h5>\n<p>Durante os tr\u00eas dias da confer\u00eancia est\u00e3o previstos pain\u00e9is, palestras e debates organizados por pa\u00edses, organiza\u00e7\u00f5es internacionais e entidades da sociedade civil ligadas ao movimento das pessoas com defici\u00eancia.<\/p>\n<p>Delega\u00e7\u00e3o liderada pelo secret\u00e1rio-executivo do Minist\u00e9rio dos Direitos Humanos, Engels Muniz, com representantes da Secretaria Nacional dos Direitos da Pessoa com Defici\u00eancia participa da 11\u00aa Confer\u00eancia de Pa\u00edses Signat\u00e1rios da Conven\u00e7\u00e3o da ONU (COSP), entre os dias 12 e 14 de junho, em Nova Iorque (EUA). Neste ano, o tema principal do evento \u00e9 \u201cDeixando ningu\u00e9m para tr\u00e1s atrav\u00e9s da implementa\u00e7\u00e3o completa da Conven\u00e7\u00e3o dos Direitos das Pessoas com Defici\u00eancia (CDPD)\u201d.<\/p>\n<blockquote><p>\u201cO encontro \u00e9 muito valioso por tratar do interc\u00e2mbio de experi\u00eancias e a aproxima\u00e7\u00e3o entre cerca de 177 na\u00e7\u00f5es signat\u00e1rias da Conven\u00e7\u00e3o das Na\u00e7\u00f5es Unidas sobre os Direitos da Pessoa com Defici\u00eancia, da qual o Brasil faz parte desde 2008 e a Lei Brasileira de Inclus\u00e3o (LBI), assinada em 2015\u201d<br \/>\navaliou o secret\u00e1rio Engels Muniz.<\/p><\/blockquote>\n<p>J\u00e1 o secret\u00e1rio Nacional da Pessoa com Defici\u00eancia, Marco Pellegrini, disse que ao ratificar a Conven\u00e7\u00e3o, assumimos diversas obriga\u00e7\u00f5es para garantir a equipara\u00e7\u00e3o de oportunidades entre pessoas com e sem defici\u00eancia em todo o territ\u00f3rio nacional, essa confer\u00eancia viabiliza a troca de experi\u00eancias entre os pa\u00edses membros.<\/p>\n<p>A sess\u00e3o dever\u00e1 incluir, entre outros itens da agenda, a elei\u00e7\u00e3o de nove membros do Comit\u00ea sobre os Direitos das Pessoas com Defici\u00eancia. Entre os candidatos, est\u00e1 a deputada federal Mara Gabrilli \u2013 primeira especialista brasileira a ocupar esse cargo para configurar o envolvimento de governo e sociedade civil brasileiros com o tema. O Comit\u00ea \u00e9 respons\u00e1vel pela fiscaliza\u00e7\u00e3o das medidas de promo\u00e7\u00e3o de direitos das pessoas com defici\u00eancia pelos pa\u00edses.<\/p>\n<p>Durante os tr\u00eas dias da confer\u00eancia est\u00e3o previstos pain\u00e9is, palestras e debates organizados por pa\u00edses, organiza\u00e7\u00f5es internacionais e entidades da sociedade civil ligadas ao movimento das pessoas com defici\u00eancia. Entre os temas abordados est\u00e3o: \u201cespa\u00e7o fiscal nacional, parcerias p\u00fablico-privadas e coopera\u00e7\u00e3o internacional para fortalecer a implementa\u00e7\u00e3o da conven\u00e7\u00e3o\u201d; \u201cmulheres e meninas com defici\u00eancia\u201d e \u201cparticipa\u00e7\u00e3o pol\u00edtica e reconhecimento igual perante a lei\u201d.<\/p>\n<h2>Contexto<\/h2>\n<p>A Conven\u00e7\u00e3o sobre os Direitos das Pessoas com Defici\u00eancia foi adotada pela Assembleia Geral por meio de sua resolu\u00e7\u00e3o 61\/106, de 13 de dezembro de 2006, e entrou em vigor em 3 de maio de 2008. A Conven\u00e7\u00e3o se tornou o primeiro tratado internacional de direitos humanos. O Brasil tamb\u00e9m ratificou o Protocolo Facultativo da Conven\u00e7\u00e3o, comprometendo-se com metas de inclus\u00e3o de pessoas com defici\u00eancia. Assim, o pa\u00eds \u00e9 monitorado pelos resultados que apresenta nas Confer\u00eancias dos Estados Partes da CPDP.<\/p>\n<p>&nbsp;<\/p>\n<p><em>Fonte: http:\/\/www.mdh.gov.br\/todas-as-noticias\/2018\/junho\/brasil-participa-da-conferencia-da-onu-sobre-direitos-da-pessoa-com-deficiencia<\/em><\/p>\n","protected":false},"excerpt":{"rendered":"<p>Durante os tr\u00eas dias da confer\u00eancia est\u00e3o previstos pain\u00e9is, palestras e debates organizados por pa\u00edses, organiza\u00e7\u00f5es internacionais e entidades da sociedade civil ligadas ao movimento das pessoas com defici\u00eancia. Delega\u00e7\u00e3o liderada pelo secret\u00e1rio-executivo do Minist\u00e9rio dos Direitos Humanos, Engels Muniz, com representantes da Secretaria Nacional dos Direitos da Pessoa com Defici\u00eancia participa da 11\u00aa Confer\u00eancia&#8230;<\/p>\n","protected":false},"author":1,"featured_media":8935,"comment_status":"open","ping_status":"open","sticky":false,"template":"","format":"standard","meta":{"_acf_changed":false,"inline_featured_image":false,"footnotes":""},"categories":[31],"tags":[20],"class_list":["post-4774","post","type-post","status-publish","format-standard","has-post-thumbnail","hentry","category-pessoas-com-deficiencia","tag-slider"],"acf":[],"_links":{"self":[{"href":"https:\/\/ampid.org.br\/site2020\/index.php?rest_route=\/wp\/v2\/posts\/4774","targetHints":{"allow":["GET"]}}],"collection":[{"href":"https:\/\/ampid.org.br\/site2020\/index.php?rest_route=\/wp\/v2\/posts"}],"about":[{"href":"https:\/\/ampid.org.br\/site2020\/index.php?rest_route=\/wp\/v2\/types\/post"}],"author":[{"embeddable":true,"href":"https:\/\/ampid.org.br\/site2020\/index.php?rest_route=\/wp\/v2\/users\/1"}],"replies":[{"embeddable":true,"href":"https:\/\/ampid.org.br\/site2020\/index.php?rest_route=%2Fwp%2Fv2%2Fcomments&post=4774"}],"version-history":[{"count":1,"href":"https:\/\/ampid.org.br\/site2020\/index.php?rest_route=\/wp\/v2\/posts\/4774\/revisions"}],"predecessor-version":[{"id":9892,"href":"https:\/\/ampid.org.br\/site2020\/index.php?rest_route=\/wp\/v2\/posts\/4774\/revisions\/9892"}],"wp:featuredmedia":[{"embeddable":true,"href":"https:\/\/ampid.org.br\/site2020\/index.php?rest_route=\/wp\/v2\/media\/8935"}],"wp:attachment":[{"href":"https:\/\/ampid.org.br\/site2020\/index.php?rest_route=%2Fwp%2Fv2%2Fmedia&parent=4774"}],"wp:term":[{"taxonomy":"category","embeddable":true,"href":"https:\/\/ampid.org.br\/site2020\/index.php?rest_route=%2Fwp%2Fv2%2Fcategories&post=4774"},{"taxonomy":"post_tag","embeddable":true,"href":"https:\/\/ampid.org.br\/site2020\/index.php?rest_route=%2Fwp%2Fv2%2Ftags&post=4774"}],"curies":[{"name":"wp","href":"https:\/\/api.w.org\/{rel}","templated":true}]}}