{"id":3714,"date":"2018-04-11T18:44:37","date_gmt":"2018-04-11T18:44:37","guid":{"rendered":"http:\/\/www.ampid.org.br\/v1\/?p=3714"},"modified":"2020-09-14T15:46:53","modified_gmt":"2020-09-14T18:46:53","slug":"nota-de-preocupacao","status":"publish","type":"post","link":"https:\/\/ampid.org.br\/site2020\/?p=3714","title":{"rendered":"Nota de Preocupa\u00e7\u00e3o na demora na conclus\u00e3o dos trabalhos do Comit\u00ea Cadastro-Inclus\u00e3o e Avalia\u00e7\u00e3o da Defici\u00eancia"},"content":{"rendered":"<p><strong>A Associa\u00e7\u00e3o Nacional dos Membros do Minist\u00e9rio P\u00fablico de Defesa dos Direitos das Pessoas com Defici\u00eancia e Idosos \u2013 AMPID <\/strong>v\u00ea com preocupa\u00e7\u00e3o a demora na conclus\u00e3o dos trabalhos do Comit\u00ea Cadastro-Inclus\u00e3o e Avalia\u00e7\u00e3o da Defici\u00eancia, decorrente da determina\u00e7\u00e3o do par\u00e1grafo 2\u00ba do artigo 2\u00ba da Lei Brasileira de Inclus\u00e3o da Pessoa com Defici\u00eancia.<\/p>\n<p>A <strong>AMPID<\/strong>, tanto quanto a sociedade brasileira, anseia pela conclus\u00e3o dos trabalhos e com a edifica\u00e7\u00e3o de um instrumento de avalia\u00e7\u00e3o das defici\u00eancias que atenda integralmente a pessoa com defici\u00eancia e sua rela\u00e7\u00e3o com adequadas formula\u00e7\u00f5es de pol\u00edticas p\u00fablicas, a promo\u00e7\u00e3o de direitos nas diferentes \u00e1reas da habilita\u00e7\u00e3o e reabilita\u00e7\u00e3o, sa\u00fade, trabalho,especialmente para o cumprimento de reserva de cargos em concursos p\u00fablicos e empresas com cem ou mais empregados e, reconhecimento da capacidade civil.<\/p>\n<p>A efetividade dos direitos previstos na Conven\u00e7\u00e3o sobre os Direitos das Pessoas com Defici\u00eancia (CDPD) e na Lei Brasileira de Inclus\u00e3o da Pessoa com Defici\u00eancia (LBI) dependem desse importante instrumento de avalia\u00e7\u00e3o da defici\u00eancia.<\/p>\n<p>Bras\u00edlia, 11 de abril de 2018.<\/p>\n<p>&nbsp;<\/p>\n<p>Alexandre Alc\u00e2ntara \u2013 Presidente<\/p>\n<p>Maria Aparecida Gugel \u2013 Vice-presidente<\/p>\n","protected":false},"excerpt":{"rendered":"<p>A Associa\u00e7\u00e3o Nacional dos Membros do Minist\u00e9rio P\u00fablico de Defesa dos Direitos das Pessoas com Defici\u00eancia e Idosos \u2013 AMPID v\u00ea com preocupa\u00e7\u00e3o a demora na conclus\u00e3o dos trabalhos do Comit\u00ea Cadastro-Inclus\u00e3o e Avalia\u00e7\u00e3o da Defici\u00eancia, decorrente da determina\u00e7\u00e3o do par\u00e1grafo 2\u00ba do artigo 2\u00ba da Lei Brasileira de Inclus\u00e3o da Pessoa com Defici\u00eancia. A&#8230;<\/p>\n","protected":false},"author":1,"featured_media":9665,"comment_status":"open","ping_status":"open","sticky":false,"template":"","format":"standard","meta":{"_acf_changed":false,"inline_featured_image":false,"footnotes":""},"categories":[22,32],"tags":[100,47,37,57],"class_list":["post-3714","post","type-post","status-publish","format-standard","has-post-thumbnail","hentry","category-notas","category-publicacoes-em-destaque","tag-100","tag-direitos-idosos","tag-direitos-pessoas-com-deficiencia","tag-lei-brasileira-de-inclusao"],"acf":[],"_links":{"self":[{"href":"https:\/\/ampid.org.br\/site2020\/index.php?rest_route=\/wp\/v2\/posts\/3714","targetHints":{"allow":["GET"]}}],"collection":[{"href":"https:\/\/ampid.org.br\/site2020\/index.php?rest_route=\/wp\/v2\/posts"}],"about":[{"href":"https:\/\/ampid.org.br\/site2020\/index.php?rest_route=\/wp\/v2\/types\/post"}],"author":[{"embeddable":true,"href":"https:\/\/ampid.org.br\/site2020\/index.php?rest_route=\/wp\/v2\/users\/1"}],"replies":[{"embeddable":true,"href":"https:\/\/ampid.org.br\/site2020\/index.php?rest_route=%2Fwp%2Fv2%2Fcomments&post=3714"}],"version-history":[{"count":2,"href":"https:\/\/ampid.org.br\/site2020\/index.php?rest_route=\/wp\/v2\/posts\/3714\/revisions"}],"predecessor-version":[{"id":9710,"href":"https:\/\/ampid.org.br\/site2020\/index.php?rest_route=\/wp\/v2\/posts\/3714\/revisions\/9710"}],"wp:featuredmedia":[{"embeddable":true,"href":"https:\/\/ampid.org.br\/site2020\/index.php?rest_route=\/wp\/v2\/media\/9665"}],"wp:attachment":[{"href":"https:\/\/ampid.org.br\/site2020\/index.php?rest_route=%2Fwp%2Fv2%2Fmedia&parent=3714"}],"wp:term":[{"taxonomy":"category","embeddable":true,"href":"https:\/\/ampid.org.br\/site2020\/index.php?rest_route=%2Fwp%2Fv2%2Fcategories&post=3714"},{"taxonomy":"post_tag","embeddable":true,"href":"https:\/\/ampid.org.br\/site2020\/index.php?rest_route=%2Fwp%2Fv2%2Ftags&post=3714"}],"curies":[{"name":"wp","href":"https:\/\/api.w.org\/{rel}","templated":true}]}}