{"id":11946,"date":"2026-09-01T17:14:33","date_gmt":"2026-09-01T20:14:33","guid":{"rendered":"https:\/\/ampid.org.br\/site2020\/?p=11946"},"modified":"2026-09-01T17:16:46","modified_gmt":"2026-09-01T20:16:46","slug":"nota-de-pesar-tania-almeida","status":"publish","type":"post","link":"https:\/\/ampid.org.br\/site2020\/?p=11946","title":{"rendered":"Nota de Pesar &#8211; Tania Almeida"},"content":{"rendered":"<p><img loading=\"lazy\" decoding=\"async\" class=\"alignnone size-medium wp-image-11947\" src=\"http:\/\/ampid.org.br\/site2020\/wp-content\/uploads\/2026\/09\/ALE-MKT-E-AMPID-4-240x300.png\" alt=\"\" width=\"240\" height=\"300\" srcset=\"https:\/\/ampid.org.br\/site2020\/wp-content\/uploads\/2026\/09\/ALE-MKT-E-AMPID-4-240x300.png 240w, https:\/\/ampid.org.br\/site2020\/wp-content\/uploads\/2026\/09\/ALE-MKT-E-AMPID-4-819x1024.png 819w, https:\/\/ampid.org.br\/site2020\/wp-content\/uploads\/2026\/09\/ALE-MKT-E-AMPID-4.png 1080w\" sizes=\"auto, (max-width: 240px) 100vw, 240px\" \/><\/p>\n<h1><b>Nota de Pesar &#8211; Tania Almeida<\/b><\/h1>\n<p>A AMPID sente a partida de <strong>Tania Almeida<\/strong> que por uma d\u00e9cada (1990 a 2000) coordenou a Coordenadoria Nacional Para Integra\u00e7\u00e3o da Pessoa com Defici\u00eancia &#8211; CORDE e manteve firme o di\u00e1logo com as organiza\u00e7\u00f5es da sociedade civil de defesa dos direitos das pessoas com defici\u00eancia.<\/p>\n<p>Em sua gest\u00e3o a AMPID foi convidada para iniciar estudos para a futura edi\u00e7\u00e3o do Decreto 3.298\/1999, que regulamentou a Lei 7.853\/1989<\/p>\n<p>&nbsp;<\/p>\n<p><strong>Irene Cardoso Sousa \u2013 Presidenta<\/strong><\/p>\n<p><strong>Maria Aparecida Gugel &#8211; Membra do Conselho T\u00e9cnico<\/strong><\/p>\n<p><span style=\"font-family: Arial, sans-serif;\">\u00a0<\/span><\/p>\n","protected":false},"excerpt":{"rendered":"<p>Nota de Pesar &#8211; Tania Almeida A AMPID sente a partida de Tania Almeida que por uma d\u00e9cada (1990 a 2000) coordenou a Coordenadoria Nacional Para Integra\u00e7\u00e3o da Pessoa com Defici\u00eancia &#8211; CORDE e manteve firme o di\u00e1logo com as organiza\u00e7\u00f5es da sociedade civil de defesa dos direitos das pessoas com defici\u00eancia. Em sua gest\u00e3o&#8230;<\/p>\n","protected":false},"author":2,"featured_media":11954,"comment_status":"open","ping_status":"open","sticky":false,"template":"","format":"standard","meta":{"_acf_changed":false,"inline_featured_image":false,"footnotes":""},"categories":[211,1,32],"tags":[207,212],"class_list":["post-11946","post","type-post","status-publish","format-standard","has-post-thumbnail","hentry","category-211","category-destaques","category-publicacoes-em-destaque","tag-direitosdaspessoascomdeficiencia","tag-pacto-33"],"acf":[],"_links":{"self":[{"href":"https:\/\/ampid.org.br\/site2020\/index.php?rest_route=\/wp\/v2\/posts\/11946","targetHints":{"allow":["GET"]}}],"collection":[{"href":"https:\/\/ampid.org.br\/site2020\/index.php?rest_route=\/wp\/v2\/posts"}],"about":[{"href":"https:\/\/ampid.org.br\/site2020\/index.php?rest_route=\/wp\/v2\/types\/post"}],"author":[{"embeddable":true,"href":"https:\/\/ampid.org.br\/site2020\/index.php?rest_route=\/wp\/v2\/users\/2"}],"replies":[{"embeddable":true,"href":"https:\/\/ampid.org.br\/site2020\/index.php?rest_route=%2Fwp%2Fv2%2Fcomments&post=11946"}],"version-history":[{"count":4,"href":"https:\/\/ampid.org.br\/site2020\/index.php?rest_route=\/wp\/v2\/posts\/11946\/revisions"}],"predecessor-version":[{"id":11955,"href":"https:\/\/ampid.org.br\/site2020\/index.php?rest_route=\/wp\/v2\/posts\/11946\/revisions\/11955"}],"wp:featuredmedia":[{"embeddable":true,"href":"https:\/\/ampid.org.br\/site2020\/index.php?rest_route=\/wp\/v2\/media\/11954"}],"wp:attachment":[{"href":"https:\/\/ampid.org.br\/site2020\/index.php?rest_route=%2Fwp%2Fv2%2Fmedia&parent=11946"}],"wp:term":[{"taxonomy":"category","embeddable":true,"href":"https:\/\/ampid.org.br\/site2020\/index.php?rest_route=%2Fwp%2Fv2%2Fcategories&post=11946"},{"taxonomy":"post_tag","embeddable":true,"href":"https:\/\/ampid.org.br\/site2020\/index.php?rest_route=%2Fwp%2Fv2%2Ftags&post=11946"}],"curies":[{"name":"wp","href":"https:\/\/api.w.org\/{rel}","templated":true}]}}