{"id":11871,"date":"2026-08-17T21:34:16","date_gmt":"2026-08-18T00:34:16","guid":{"rendered":"https:\/\/ampid.org.br\/site2020\/?p=11871"},"modified":"2026-08-27T17:56:33","modified_gmt":"2026-08-27T20:56:33","slug":"sociedade-civil-entrega-as-candidaturas-recomendacoes-para-um-brasil-anticapacitista-2027-a-2030","status":"publish","type":"post","link":"https:\/\/ampid.org.br\/site2020\/?p=11871","title":{"rendered":"Sociedade civil entrega \u00e0s candidaturas recomenda\u00e7\u00f5es para um Brasil Anticapacitista (2027 a 2030)"},"content":{"rendered":"<p><img loading=\"lazy\" decoding=\"async\" class=\"alignnone size-medium wp-image-11898\" src=\"http:\/\/ampid.org.br\/site2020\/wp-content\/uploads\/2026\/08\/13.08.2026_Arte-para-site-940x788-1-228x300.png\" alt=\"\" width=\"228\" height=\"300\" srcset=\"https:\/\/ampid.org.br\/site2020\/wp-content\/uploads\/2026\/08\/13.08.2026_Arte-para-site-940x788-1-228x300.png 228w, https:\/\/ampid.org.br\/site2020\/wp-content\/uploads\/2026\/08\/13.08.2026_Arte-para-site-940x788-1.png 600w\" sizes=\"auto, (max-width: 228px) 100vw, 228px\" \/><\/p>\n<h1><b>Sociedade civil entrega \u00e0s candidaturas recomenda\u00e7\u00f5es para um Brasil Anticapacitista (2027 a 2030)<\/b><\/h1>\n<p><i><span style=\"font-weight: 400;\">A Rede In apresenta, no Pacto 33, 71 metas para educa\u00e7\u00e3o, trabalho, acessibilidade, vida independente e outras \u00e1reas e convoca candidaturas ao Executivo e ao Legislativo a assumi-las publicamente.\u00a0<\/span><\/i><\/p>\n<p><b>Bras\u00edlia, 18 de agosto de 2026.\u00a0 <\/b><span style=\"font-weight: 400;\">Ampliar em 70% os v\u00ednculos formais de trabalho; expandir progressivamente a acessibilidade nos servi\u00e7os p\u00fablicos, assegurando condi\u00e7\u00f5es de autonomia e vida independente para\u00a0 pessoas com defici\u00eancia; qualificar a educa\u00e7\u00e3o inclusiva e articular uma resposta nacional \u00e0s viol\u00eancias est\u00e3o entre as propostas do Pacto 33: Recomenda\u00e7\u00f5es para um Brasil Anticapacitista (2027 a 2030), lan\u00e7ado pela Rede Brasileira de Inclus\u00e3o da Pessoa com Defici\u00eancia (Rede In). A publica\u00e7\u00e3o est\u00e1 dispon\u00edvel em duas vers\u00f5es, <\/span><a href=\"https:\/\/drive.google.com\/file\/d\/1lfPq9TgjLHgChWm0HjjZojaa6hINpCqh\/view?usp=sharing\"><span style=\"font-weight: 400;\">ampliada<\/span><\/a><span style=\"font-weight: 400;\"> e <\/span><a href=\"https:\/\/drive.google.com\/file\/d\/13guNbmwi-BOxlTWtGkDFmnUXvv5sgayz\/view?usp=sharing\"><span style=\"font-weight: 400;\">executiva<\/span><\/a><span style=\"font-weight: 400;\">, cada uma com um QR Code que leva a formatos acess\u00edveis, para que mais pessoas possam conhecer e acompanhar a iniciativa.\u00a0<\/span><span style=\"font-weight: 400;\"><br \/>\n<\/span><\/p>\n<p><span style=\"font-weight: 400;\">O documento re\u00fane oito propostas estrat\u00e9gicas e intersetoriais, 71 metas com prazos entre 2027 e 2030 e nove diretrizes de governan\u00e7a. A publica\u00e7\u00e3o foi elaborada coletivamente pelas organiza\u00e7\u00f5es que integram a Rede In, em um processo de di\u00e1logo e sistematiza\u00e7\u00e3o conduzido por oito grupos de trabalho. Dirigido a quem concorre a cargos no Executivo e no Legislativo, principalmente na esfera federal, o Pacto busca contribuir para que os direitos das pessoas com defici\u00eancia estejam presentes nos compromissos p\u00fablicos, programas de governo e prioridades legislativas do pr\u00f3ximo ciclo governamental.<\/span><\/p>\n<p><span style=\"font-weight: 400;\">Entre as metas est\u00e3o a estrutura\u00e7\u00e3o do Sistema Nacional de Avalia\u00e7\u00e3o Unificada da Defici\u00eancia (Sisnadef), a institui\u00e7\u00e3o de um sistema nacional de prote\u00e7\u00e3o e resposta \u00e0s viol\u00eancias contra pessoas com defici\u00eancia, a regulamenta\u00e7\u00e3o da profiss\u00e3o de assistente pessoal e a garantia de que ao menos 70% dos profissionais da educa\u00e7\u00e3o tenham acesso, at\u00e9 2030, \u00e0 forma\u00e7\u00e3o inicial e\/ou continuada em pr\u00e1ticas pedag\u00f3gicas acess\u00edveis e anticapacitistas.<\/span><\/p>\n<p><span style=\"font-weight: 400;\">\u201cO Pacto 33 existe porque os direitos humanos das pessoas com defici\u00eancia ainda encontram in\u00fameras\u00a0 barreiras para serem efetivados no cotidiano. Queremos contribuir para que o pr\u00f3ximo ciclo governamental transforme direitos j\u00e1 reconhecidos em pol\u00edticas p\u00fablicas concretas, com metas, prazos, responsabilidades e acompanhamento\u201d, afirma Ana Cl\u00e1udia M. de Figueiredo, diretora executiva da Rede In.<\/span><\/p>\n<p><span style=\"font-weight: 400;\">As candidaturas e partidos que se comprometem a incorporar as propostas ao programa de governo ou de mandato poder\u00e3o preencher o formul\u00e1rio espec\u00edfico, dispon\u00edvel na bio do <\/span><a href=\"https:\/\/www.instagram.com\/redebrasileiradeinclusao\/\"><span style=\"font-weight: 400;\">Instagram da Rede In<\/span><\/a><span style=\"font-weight: 400;\">. As ades\u00f5es ser\u00e3o divulgadas nas redes sociais da rede, na ordem de recebimento e sem distin\u00e7\u00e3o partid\u00e1ria. \u201cA publica\u00e7\u00e3o ser\u00e1 um importante subs\u00eddio de apoio \u00e0s a\u00e7\u00f5es de transi\u00e7\u00e3o de governo, al\u00e9m de instrumento de mobiliza\u00e7\u00e3o e controle social, que permitir\u00e1 \u00e0 sociedade acompanhar e cobrar dos novos representantes p\u00fablicos o fortalecimento de pol\u00edticas p\u00fablicas e a efetiva\u00e7\u00e3o dos direitos das pessoas com defici\u00eancia no pa\u00eds\u201d, enfatiza Ana Cl\u00e1udia.<\/span><\/p>\n<h2><b>Por que Pacto 33?<\/b><\/h2>\n<p><span style=\"font-weight: 400;\">O nome faz refer\u00eancia ao artigo 33 da Conven\u00e7\u00e3o sobre os Direitos das Pessoas com Defici\u00eancia (CDPD), que assegura a participa\u00e7\u00e3o da sociedade civil, especialmente das pr\u00f3prias pessoas com defici\u00eancia e de suas organiza\u00e7\u00f5es representativas, no monitoramento da implementa\u00e7\u00e3o da CDPD.<\/span><\/p>\n<p><span style=\"font-weight: 400;\">A Conven\u00e7\u00e3o\u00a0 foi incorporada ao ordenamento jur\u00eddico brasileiro com valor\u00a0 de emenda constitucional e completa, em 2026, 20 anos da sua ado\u00e7\u00e3o pela Organiza\u00e7\u00e3o das Na\u00e7\u00f5es Unidas (ONU).<\/span><\/p>\n<p><span style=\"font-weight: 400;\">Segundo o Censo Demogr\u00e1fico de 2022, o Brasil tem 14,4 milh\u00f5es de pessoas com defici\u00eancia, o equivalente a 7,3% da popula\u00e7\u00e3o com dois anos ou mais, al\u00e9m de 2,4 milh\u00f5es de pessoas autistas. A Rede In considera que esses n\u00fameros podem estar subdimensionados diante da estimativa da Organiza\u00e7\u00e3o Mundial da Sa\u00fade (OMS), de que aproximadamente 15% da popula\u00e7\u00e3o mundial vive com defici\u00eancia.<\/span><\/p>\n<h2><b>Focos priorit\u00e1rios<\/b><\/h2>\n<p><span style=\"font-weight: 400;\">As propostas do Pacto 33 est\u00e3o organizadas em oito eixos:<\/span><\/p>\n<ol>\n<li><span style=\"font-weight: 400;\"> Avalia\u00e7\u00e3o Biopsicossocial Unificada da Defici\u00eancia<\/span><\/li>\n<li><span style=\"font-weight: 400;\"> Reconhecimento do igual direito ao exerc\u00edcio da capacidade jur\u00eddica<\/span><\/li>\n<li><span style=\"font-weight: 400;\"> Educa\u00e7\u00e3o Inclusiva e Anticapacitista<\/span><\/li>\n<li><span style=\"font-weight: 400;\"> Inclus\u00e3o Produtiva, Trabalho, Emprego e Renda<\/span><\/li>\n<li><span style=\"font-weight: 400;\"> Vida Independente e Inclus\u00e3o na Comunidade<\/span><\/li>\n<li><span style=\"font-weight: 400;\"> Seguridade Social Inclusiva: Sa\u00fade, Assist\u00eancia e Previd\u00eancia Social<\/span><\/li>\n<li><span style=\"font-weight: 400;\"> Acessibilidade, Tecnologia Assistiva e Desenho Universal<\/span><\/li>\n<li><span style=\"font-weight: 400;\"> Preven\u00e7\u00e3o e Enfrentamento ao Capacitismo e \u00e0s Viol\u00eancias<\/span><\/li>\n<\/ol>\n<p><span style=\"font-weight: 400;\">Al\u00e9m das metas espec\u00edficas de cada eixo, o documento apresenta nove diretrizes de governan\u00e7a. As recomenda\u00e7\u00f5es incluem a incorpora\u00e7\u00e3o das propostas nas transi\u00e7\u00f5es de governo, nos planos de mandato e nos instrumentos de planejamento e or\u00e7amento p\u00fablico, como o Plano Plurianual, a Lei de Diretrizes Or\u00e7ament\u00e1rias e a Lei Or\u00e7ament\u00e1ria Anual. Incluem ainda a cria\u00e7\u00e3o, por lei, de um Fundo Nacional dos Direitos das Pessoas com Defici\u00eancia.<\/span><\/p>\n<p>&nbsp;<\/p>\n<h2><strong>Conhe\u00e7a o Pacto 33<\/strong> \u2013 Recomenda\u00e7\u00f5es para um Brasil Anticapacitista 2027 a 2030, com 8 propostas, 71 metas e 9 diretrizes.<\/h2>\n<p>Acesse os documentos:<\/p>\n<p><a href=\"http:\/\/ampid.org.br\/site2020\/wp-content\/uploads\/2026\/08\/PACTO-33_Versao-EXECUTIVA_18-ago.2026pdf.pdf\">Vers\u00e3o Executiva<\/a><br \/>\n<a href=\"http:\/\/ampid.org.br\/site2020\/wp-content\/uploads\/2026\/08\/Versao-Executiva-Acessivel_PACTO-33-RECOMENDACOES-PARA-UM-BRASIL-ANTICAPACITISTA_final_2026.pdf\">Vers\u00e3o Executiva Acess\u00edvel\u00a0<\/a><br \/>\n<a href=\"http:\/\/ampid.org.br\/site2020\/wp-content\/uploads\/2026\/08\/PACTO-33_Versao-AMPLIADA_18-ago.2026pdf.pdf\">Vers\u00e3o Ampliada<\/a><br \/>\n<a href=\"http:\/\/ampid.org.br\/site2020\/wp-content\/uploads\/2026\/08\/Versao-Ampliada-Acessivel_PACTO-33-RECOMENDACOES-PARA-UM-BRASIL-ANTICAPACITISTA_final_2026.pdf\">Vers\u00e3o Ampliada Acess\u00edvel\u00a0<\/a><\/p>\n<p>Como aderir ao Pacto:<\/p>\n<p>PACTO 33 \u2013 <a href=\"https:\/\/docs.google.com\/forms\/d\/e\/1FAIpQLScT1uXi09_9Lts_EILhE9_MR6GA1SmTGgNG4f9PcMiG0ihuww\/viewform?source=social&amp;medium=linkbio&amp;campaign=PACTO+33+-+Formul%C3%A1rio+de+Ades%C3%A3o+das+Candidaturas+%28Pessoas+F%C3%ADsicas%29\">Formul\u00e1rio de Ades\u00e3o das Candidaturas (Pessoas F\u00edsicas)<\/a><br \/>\nPACTO 33 \u2013 <a href=\"https:\/\/docs.google.com\/forms\/d\/e\/1FAIpQLSeesDRoQ9uSQQmqbrOAKeV9EW9BNF-SnTAyKAh_KgLAC-EXkA\/viewform?source=social&amp;medium=linkbio&amp;campaign=PACTO+33+-+Formul%C3%A1rio+de+Ades%C3%A3o+de+Partidos%2C+Federa%C3%A7%C3%B5es+e+Setoriais+%28Pessoas+Jur%C3%ADdicas%29\">Formul\u00e1rio de Ades\u00e3o de Partidos, Federa\u00e7\u00f5es e Setoriais (Pessoas Jur\u00eddicas)<\/a><\/p>\n<p>Acompanhe a live de lan\u00e7amento no dia 27 de agosto, \u00e0s 19h, no YouTube da Rede In. A transmiss\u00e3o ter\u00e1 audiodescri\u00e7\u00e3o, Libras, legenda em tempo real e linguagem simples.<br \/>\n<a href=\"https:\/\/www.youtube.com\/watch?v=HE-cjUyIXeY\">https:\/\/www.youtube.com\/watch?v=HE-cjUyIXeY<\/a><\/p>\n<p>&nbsp;<\/p>\n<p><iframe loading=\"lazy\" title=\"LIVE DE LAN\u00c7AMENTO | PACTO 33: Recomenda\u00e7\u00f5es para um Brasil Anticapacitista (2027 a 2030)\" width=\"640\" height=\"360\" src=\"https:\/\/www.youtube.com\/embed\/HE-cjUyIXeY?feature=oembed\" frameborder=\"0\" allow=\"accelerometer; autoplay; clipboard-write; encrypted-media; gyroscope; picture-in-picture; web-share\" referrerpolicy=\"strict-origin-when-cross-origin\" allowfullscreen><\/iframe><\/p>\n<h2><b>Sobre a Rede In<\/b><\/h2>\n<p><span style=\"font-weight: 400;\">Criada em 2018, a Rede In \u00e9 composta por 14 organiza\u00e7\u00f5es da sociedade civil, entre as quais coletivos e associa\u00e7\u00f5es nacionais. Atua como for\u00e7a pol\u00edtica independente de governos, ideologias, partidos e religi\u00f5es, comprometida com a promo\u00e7\u00e3o e efetiva\u00e7\u00e3o dos direitos humanos e liberdades fundamentais das pessoas com defici\u00eancia.<\/span><\/p>\n<h1><\/h1>\n<p><span style=\"font-weight: 400;\">Seu prop\u00f3sito \u00e9 consolidar-se como um espa\u00e7o permanente de mobiliza\u00e7\u00e3o, <\/span><i><span style=\"font-weight: 400;\">advocacy<\/span><\/i><span style=\"font-weight: 400;\">, di\u00e1logo, forma\u00e7\u00e3o e reflex\u00e3o propositiva, contribuindo para que pol\u00edticas p\u00fablicas e leis assegurem a inclus\u00e3o social das pessoas com defici\u00eancia desde a primeira inf\u00e2ncia e ao longo de toda a vida.<\/span><\/p>\n<p><b>Integram a Rede In:<\/b><span style=\"font-weight: 400;\"> Associa\u00e7\u00e3o Nacional de Membros do Minist\u00e9rio P\u00fablico de Defesa da Pessoa com Defici\u00eancia (AMPID); Associa\u00e7\u00e3o de Pais, Amigos e Pessoas com Defici\u00eancia de Funcion\u00e1rios do Banco do Brasil e da Comunidade (APABB); Associa\u00e7\u00e3o Amigos Metrovi\u00e1rios dos Excepcionais (AME); Escola de Gente, Comunica\u00e7\u00e3o em Inclus\u00e3o; Federa\u00e7\u00e3o Nacional do Emprego Apoiado (FANEA); Federa\u00e7\u00e3o Brasileira das Associa\u00e7\u00f5es de S\u00edndrome de Down (FBASD); Instituto JNG, Moradia para a Vida Adulta Independente; Instituto J\u00f4 Clemente (IJC); Instituto Rodrigo Mendes (IRM); Mais Diferen\u00e7as; Mangata, Coletivo Brasileiro de Pesquisadoras e Pesquisadores dos Estudos da Defici\u00eancia; Movimento Brasileiro de Mulheres Cegas e com Baixa Vis\u00e3o (MBMC); Rede Brasileira do Movimento de Vida Independente (Rede MVI); e Visibilidade Cegos Brasil (VCB). Membras honor\u00e1rias: Ana Cl\u00e1udia M. de Figueiredo e Izabel Loureiro Maior.<\/span><\/p>\n<p><b>Siga e acompanhe a Rede In:<\/b> <a href=\"http:\/\/www.instagram.com\/redebrasileiradeinclusao\"><span style=\"font-weight: 400;\">www.instagram.com\/redebrasileiradeinclusao<\/span><\/a><\/p>\n<p>&nbsp;<\/p>\n<p><span style=\"font-family: Arial, sans-serif;\">\u00a0<\/span><\/p>\n","protected":false},"excerpt":{"rendered":"<p>Sociedade civil entrega \u00e0s candidaturas recomenda\u00e7\u00f5es para um Brasil Anticapacitista (2027 a 2030) A Rede In apresenta, no Pacto 33, 71 metas para educa\u00e7\u00e3o, trabalho, acessibilidade, vida independente e outras \u00e1reas e convoca candidaturas ao Executivo e ao Legislativo a assumi-las publicamente.\u00a0 Bras\u00edlia, 18 de agosto de 2026.\u00a0 Ampliar em 70% os v\u00ednculos formais de&#8230;<\/p>\n","protected":false},"author":2,"featured_media":11900,"comment_status":"open","ping_status":"open","sticky":false,"template":"","format":"standard","meta":{"_acf_changed":false,"inline_featured_image":false,"footnotes":""},"categories":[211,1,32],"tags":[207,212],"class_list":["post-11871","post","type-post","status-publish","format-standard","has-post-thumbnail","hentry","category-211","category-destaques","category-publicacoes-em-destaque","tag-direitosdaspessoascomdeficiencia","tag-pacto-33"],"acf":[],"_links":{"self":[{"href":"https:\/\/ampid.org.br\/site2020\/index.php?rest_route=\/wp\/v2\/posts\/11871","targetHints":{"allow":["GET"]}}],"collection":[{"href":"https:\/\/ampid.org.br\/site2020\/index.php?rest_route=\/wp\/v2\/posts"}],"about":[{"href":"https:\/\/ampid.org.br\/site2020\/index.php?rest_route=\/wp\/v2\/types\/post"}],"author":[{"embeddable":true,"href":"https:\/\/ampid.org.br\/site2020\/index.php?rest_route=\/wp\/v2\/users\/2"}],"replies":[{"embeddable":true,"href":"https:\/\/ampid.org.br\/site2020\/index.php?rest_route=%2Fwp%2Fv2%2Fcomments&post=11871"}],"version-history":[{"count":15,"href":"https:\/\/ampid.org.br\/site2020\/index.php?rest_route=\/wp\/v2\/posts\/11871\/revisions"}],"predecessor-version":[{"id":11942,"href":"https:\/\/ampid.org.br\/site2020\/index.php?rest_route=\/wp\/v2\/posts\/11871\/revisions\/11942"}],"wp:featuredmedia":[{"embeddable":true,"href":"https:\/\/ampid.org.br\/site2020\/index.php?rest_route=\/wp\/v2\/media\/11900"}],"wp:attachment":[{"href":"https:\/\/ampid.org.br\/site2020\/index.php?rest_route=%2Fwp%2Fv2%2Fmedia&parent=11871"}],"wp:term":[{"taxonomy":"category","embeddable":true,"href":"https:\/\/ampid.org.br\/site2020\/index.php?rest_route=%2Fwp%2Fv2%2Fcategories&post=11871"},{"taxonomy":"post_tag","embeddable":true,"href":"https:\/\/ampid.org.br\/site2020\/index.php?rest_route=%2Fwp%2Fv2%2Ftags&post=11871"}],"curies":[{"name":"wp","href":"https:\/\/api.w.org\/{rel}","templated":true}]}}