{"id":11652,"date":"2025-05-08T22:51:46","date_gmt":"2025-05-09T01:51:46","guid":{"rendered":"https:\/\/ampid.org.br\/site2020\/?p=11652"},"modified":"2025-05-09T11:38:52","modified_gmt":"2025-05-09T14:38:52","slug":"audiencia-publica-criacao-do-codigo-brasileiro-de-inclusao-defesa-dos-direitos-das-pessoas-com-deficiencia","status":"publish","type":"post","link":"https:\/\/ampid.org.br\/site2020\/?p=11652","title":{"rendered":"Audi\u00eancia P\u00fablica &#8211; Cria\u00e7\u00e3o do C\u00f3digo Brasileiro de Inclus\u00e3o &#8211; Defesa dos Direitos das Pessoas com Defici\u00eancia"},"content":{"rendered":"<p><img loading=\"lazy\" decoding=\"async\" class=\"alignnone size-medium wp-image-11653\" src=\"http:\/\/ampid.org.br\/site2020\/wp-content\/uploads\/2025\/05\/Imagem-do-WhatsApp-de-2025-05-07-as-07.40.56_18dc83c7-300x169.jpg\" alt=\"\" width=\"300\" height=\"169\" srcset=\"https:\/\/ampid.org.br\/site2020\/wp-content\/uploads\/2025\/05\/Imagem-do-WhatsApp-de-2025-05-07-as-07.40.56_18dc83c7-300x169.jpg 300w, https:\/\/ampid.org.br\/site2020\/wp-content\/uploads\/2025\/05\/Imagem-do-WhatsApp-de-2025-05-07-as-07.40.56_18dc83c7-1024x576.jpg 1024w, https:\/\/ampid.org.br\/site2020\/wp-content\/uploads\/2025\/05\/Imagem-do-WhatsApp-de-2025-05-07-as-07.40.56_18dc83c7-600x337.jpg 600w, https:\/\/ampid.org.br\/site2020\/wp-content\/uploads\/2025\/05\/Imagem-do-WhatsApp-de-2025-05-07-as-07.40.56_18dc83c7.jpg 1600w\" sizes=\"auto, (max-width: 300px) 100vw, 300px\" \/><\/p>\n<p style=\"text-align: center;\" align=\"justify\"><b>Audi\u00eancia P\u00fablica &#8211; Cria\u00e7\u00e3o do C\u00f3digo Brasileiro de Inclus\u00e3o &#8211; Defesa dos Direitos das Pessoas com Defici\u00eancia <\/b><\/p>\n<p>Acompanhe alguns pontos apresentados por Maria Aparecida Gugel durante sua fala representando a AMPID na Audi\u00eancia P\u00fablica sobre o PL 1584\/2025, de autoria do Deputado Duarte J\u00fanior na ter\u00e7a-feira (6\/maio\/2025):<\/p>\n<p align=\"justify\">&#8220;A AMPID \u00e9 pela vig\u00eancia da Lei Brasileira de Inclus\u00e3o da Pessoa com Defici\u00eancia (LBI) e demais leis que tratam dos direitos das pessoas com defici\u00eancia.<\/p>\n<p align=\"justify\">A LBI decorre da Conven\u00e7\u00e3o sobre os Direitos das Pessoas com Defici\u00eancia (CDPD) e foi elaborada com ampla participa\u00e7\u00e3o da sociedade: \u00e9 um marco legal definidor de normas de natureza constitucional e um exemplo para o mundo.<\/p>\n<p align=\"justify\">Se a intens\u00e3o \u00e9 compilar leis basta um vade-m\u00e9cum, ou se se trata de alterar termos como \u201cportador de defici\u00eancia\u201d basta encaminhar projeto de lei espec\u00edfico para alterar a nomina\u00e7\u00e3o nas leis antigas, tal como foi praticado com o estatuto da pessoa idosa.<\/p>\n<p align=\"justify\">Portanto, a AMPID n\u00e3o concorda com a iniciativa baseada na justificativa de consolida\u00e7\u00e3o legislativa.<\/p>\n<p align=\"justify\">O PL 1584 trata a proposta como consolida\u00e7\u00e3o, no entanto, n\u00e3o cumpre o artigo 13 da Lei Complementar 95\/1998, pois traz a previs\u00e3o de <b>novas regras<\/b> que tornam a proposta vulner\u00e1vel, e cuja tramita\u00e7\u00e3o pode vir a alterar direitos j\u00e1 conquistados. Portanto, fere o princ\u00edpio da progressividade dos direitos (ou n\u00e3o retrocesso). Refiro-me aos seguintes artigos:<\/p>\n<p align=\"justify\"><b>Para o mundo do trabalho<\/b><\/p>\n<p align=\"justify\"><b>ARTIGO 38-A<\/b><\/p>\n<p align=\"justify\">O poder p\u00fablico fomentar\u00e1 a cria\u00e7\u00e3o e a manuten\u00e7\u00e3o de oportunidades de trabalho para as pessoas com defici\u00eancia, inclusive por meio de <b>arranjos personalizados e compat\u00edveis com as suas condi\u00e7\u00f5es e interesses<\/b>, assegurados os direitos trabalhistas e previdenci\u00e1rios previstos em lei.<\/p>\n<p align=\"justify\">Essa previs\u00e3o do artigo 38-A j\u00e1 foi recha\u00e7ada em outros momentos de discuss\u00e3o nesta Casa porque p\u00f5e em risco a obriga\u00e7\u00e3o de ambientes de trabalho acess\u00edveis, inclusivos e com disponibiliza\u00e7\u00e3o de tecnologia assistiva, chocando-se com o <b>artigo 37 da LBI<\/b> que prev\u00ea a possibilidade com a modalidade de <b>trabalho com apoio<\/b>.<\/p>\n<p align=\"justify\"><b>Para a acessibilidade na comunica\u00e7\u00e3o<\/b><\/p>\n<p align=\"justify\"><b>ARTIGO 67 <\/b>trata dos servi\u00e7os de radiodifus\u00e3o de sons e imagens com os recursos simult\u00e2neos de janela Libras, legenda, audiodescri\u00e7\u00e3o.<\/p>\n<p align=\"justify\">No entanto, no PL foi introduzido um par\u00e1grafo \u00fanico<b> novo <\/b>que diz<b> O disposto no caput deve ser implementado na forma e no prazo previstos em regulamento.<\/b><\/p>\n<p align=\"justify\">Pergunta-se qual a motiva\u00e7\u00e3o para essa novidade, se a pr\u00e1tica de tornar a comunica\u00e7\u00e3o acess\u00edvel j\u00e1 vem acontecendo sistematicamente em todo o pa\u00eds e com base em normas t\u00e9cnicas da ABNT, no caso a NBR 15.290?<\/p>\n<p align=\"justify\">Ao determinar que um regulamento venha implementar tais ferramentas de acessibilidade comunicacional, abrem-se prazos novos e, com isso, desqualifica a proposta de uma consolida\u00e7\u00e3o que \u00e9 n\u00e3o alterar ou interromper a for\u00e7a normativa do que est\u00e1 sendo consolidado.<\/p>\n<p align=\"justify\"><b>Para os prazos de cumprimento<\/b><\/p>\n<p align=\"justify\">Embora o <b>ARTIGO 124<\/b> diga que a consolida\u00e7\u00e3o n\u00e3o reabrir\u00e1 prazo para adapta\u00e7\u00e3o ou regulamenta\u00e7\u00e3o anteriormente estabelecido, <b>n\u00e3o h\u00e1 no PL qualquer men\u00e7\u00e3o ao artigo 125 da LBI<\/b>.<\/p>\n<p align=\"justify\">Ao dizer que a LBI fica revogada (artigo 123, inciso XII) os prazos do artigo 125 da LBI estar\u00e3o revogados. Portanto, faltar\u00e1 aos \u00f3rg\u00e3os de fiscaliza\u00e7\u00e3o par\u00e2metros para, por exemplo, a fixa\u00e7\u00e3o de prazo inicial de contagem do descumprimento para as quest\u00f5es relacionadas \u00e0 educa\u00e7\u00e3o, cultura, hotelaria, transporte.&#8221;<\/p>\n<p align=\"justify\"><img loading=\"lazy\" decoding=\"async\" class=\"alignnone size-medium wp-image-11657\" src=\"http:\/\/ampid.org.br\/site2020\/wp-content\/uploads\/2025\/05\/Imagem-do-WhatsApp-de-2025-05-07-as-07.40.55_3eb1b4eb-169x300.jpg\" alt=\"\" width=\"169\" height=\"300\" srcset=\"https:\/\/ampid.org.br\/site2020\/wp-content\/uploads\/2025\/05\/Imagem-do-WhatsApp-de-2025-05-07-as-07.40.55_3eb1b4eb-169x300.jpg 169w, https:\/\/ampid.org.br\/site2020\/wp-content\/uploads\/2025\/05\/Imagem-do-WhatsApp-de-2025-05-07-as-07.40.55_3eb1b4eb-576x1024.jpg 576w, https:\/\/ampid.org.br\/site2020\/wp-content\/uploads\/2025\/05\/Imagem-do-WhatsApp-de-2025-05-07-as-07.40.55_3eb1b4eb.jpg 900w\" sizes=\"auto, (max-width: 169px) 100vw, 169px\" \/><\/p>\n<p align=\"justify\">Para ter acesso \u00e0 Audi\u00eancia P\u00fablica completa, acesse <a href=\"https:\/\/www.youtube.com\/watch?v=C4SW4x2Le_4&amp;t=17211s\">aqui<\/a><\/p>\n<p>&nbsp;<\/p>\n<p><span style=\"font-family: Arial, sans-serif;\">\u00a0<\/span><\/p>\n","protected":false},"excerpt":{"rendered":"<p>Audi\u00eancia P\u00fablica &#8211; Cria\u00e7\u00e3o do C\u00f3digo Brasileiro de Inclus\u00e3o &#8211; Defesa dos Direitos das Pessoas com Defici\u00eancia Acompanhe alguns pontos apresentados por Maria Aparecida Gugel durante sua fala representando a AMPID na Audi\u00eancia P\u00fablica sobre o PL 1584\/2025, de autoria do Deputado Duarte J\u00fanior na ter\u00e7a-feira (6\/maio\/2025): &#8220;A AMPID \u00e9 pela vig\u00eancia da Lei Brasileira&#8230;<\/p>\n","protected":false},"author":2,"featured_media":11653,"comment_status":"open","ping_status":"open","sticky":false,"template":"","format":"standard","meta":{"_acf_changed":false,"inline_featured_image":false,"footnotes":""},"categories":[195,30,22,32],"tags":[207,206,205,25,59,20],"class_list":["post-11652","post","type-post","status-publish","format-standard","has-post-thumbnail","hentry","category-195","category-idosos","category-notas","category-publicacoes-em-destaque","tag-direitosdaspessoascomdeficiencia","tag-naoaopl1584-2025","tag-pl1584-2025","tag-ampid","tag-lbi","tag-slider"],"acf":[],"_links":{"self":[{"href":"https:\/\/ampid.org.br\/site2020\/index.php?rest_route=\/wp\/v2\/posts\/11652","targetHints":{"allow":["GET"]}}],"collection":[{"href":"https:\/\/ampid.org.br\/site2020\/index.php?rest_route=\/wp\/v2\/posts"}],"about":[{"href":"https:\/\/ampid.org.br\/site2020\/index.php?rest_route=\/wp\/v2\/types\/post"}],"author":[{"embeddable":true,"href":"https:\/\/ampid.org.br\/site2020\/index.php?rest_route=\/wp\/v2\/users\/2"}],"replies":[{"embeddable":true,"href":"https:\/\/ampid.org.br\/site2020\/index.php?rest_route=%2Fwp%2Fv2%2Fcomments&post=11652"}],"version-history":[{"count":4,"href":"https:\/\/ampid.org.br\/site2020\/index.php?rest_route=\/wp\/v2\/posts\/11652\/revisions"}],"predecessor-version":[{"id":11659,"href":"https:\/\/ampid.org.br\/site2020\/index.php?rest_route=\/wp\/v2\/posts\/11652\/revisions\/11659"}],"wp:featuredmedia":[{"embeddable":true,"href":"https:\/\/ampid.org.br\/site2020\/index.php?rest_route=\/wp\/v2\/media\/11653"}],"wp:attachment":[{"href":"https:\/\/ampid.org.br\/site2020\/index.php?rest_route=%2Fwp%2Fv2%2Fmedia&parent=11652"}],"wp:term":[{"taxonomy":"category","embeddable":true,"href":"https:\/\/ampid.org.br\/site2020\/index.php?rest_route=%2Fwp%2Fv2%2Fcategories&post=11652"},{"taxonomy":"post_tag","embeddable":true,"href":"https:\/\/ampid.org.br\/site2020\/index.php?rest_route=%2Fwp%2Fv2%2Ftags&post=11652"}],"curies":[{"name":"wp","href":"https:\/\/api.w.org\/{rel}","templated":true}]}}