{"id":11616,"date":"2025-04-15T23:01:21","date_gmt":"2025-04-16T02:01:21","guid":{"rendered":"https:\/\/ampid.org.br\/site2020\/?p=11616"},"modified":"2025-05-09T11:28:38","modified_gmt":"2025-05-09T14:28:38","slug":"nota-de-apoio-as-notas-de-repudio-da-anamatra-da-anpt-da-aatsp-sobre-a-suspensao-de-processos-na-justica-do-trabalho","status":"publish","type":"post","link":"https:\/\/ampid.org.br\/site2020\/?p=11616","title":{"rendered":"Nota de apoio \u00e0s Notas de Rep\u00fadio da Anamatra, da ANPT, da AATSP sobre a suspens\u00e3o de processos na Justi\u00e7a do Trabalho"},"content":{"rendered":"<p><img loading=\"lazy\" decoding=\"async\" class=\"alignnone size-medium wp-image-11617\" src=\"http:\/\/ampid.org.br\/site2020\/wp-content\/uploads\/2025\/04\/apoio-1024x427-1-300x125.jpg\" alt=\"\" width=\"300\" height=\"125\" srcset=\"https:\/\/ampid.org.br\/site2020\/wp-content\/uploads\/2025\/04\/apoio-1024x427-1-300x125.jpg 300w, https:\/\/ampid.org.br\/site2020\/wp-content\/uploads\/2025\/04\/apoio-1024x427-1.jpg 1024w\" sizes=\"auto, (max-width: 300px) 100vw, 300px\" \/><\/p>\n<h2 class=\"western\" lang=\"pt-PT\" align=\"center\"><strong><span style=\"color: #333333;\"><span style=\"font-family: Arial, sans-serif;\"><span style=\"font-size: medium;\">NOTA DE APOIO \u00c0<\/span><\/span><\/span><span style=\"color: #333333;\"><span style=\"font-family: Arial, sans-serif;\"><span style=\"font-size: medium;\">S NOTAS DE REP\u00daDIO DA ANAMATRA,<\/span><\/span><\/span> <span style=\"color: #000000;\"><span style=\"font-family: Arial, sans-serif;\"><span style=\"font-size: medium;\">DA <\/span><\/span><\/span><span style=\"color: #000000;\"><span style=\"font-family: Arial, sans-serif;\"><span style=\"font-size: medium;\">ANPT <\/span><\/span><\/span><span style=\"color: #000000;\"><span style=\"font-family: Arial, sans-serif;\"><span style=\"font-size: medium;\">E DA <\/span><\/span><\/span><span style=\"color: #000000;\"><span style=\"font-family: Arial, sans-serif;\"><span style=\"font-size: medium;\">AATSP <\/span><\/span><\/span><span style=\"color: #333333;\"><span style=\"font-family: Arial, sans-serif;\"><span style=\"font-size: medium;\">SOBRE <\/span><\/span><\/span><span style=\"color: #000000;\"><span style=\"font-family: Arial, sans-serif;\"><span style=\"font-size: medium;\">A <\/span><\/span><\/span><span style=\"color: #252525;\"><span style=\"font-family: Arial, sans-serif;\"><span style=\"font-size: medium;\">SUSPENS\u00c3O DE PROCESSOS NA JUSTI\u00c7A DO TRABALHO \u2013 TEMA 1389\/STF<\/span><\/span><\/span><\/strong><b> <\/b><\/h2>\n<p class=\"western\" align=\"justify\"><span style=\"color: #000000;\"><span style=\"font-family: Arial, sans-serif;\"><span style=\"font-size: medium;\">A <\/span><\/span><\/span><strong><span style=\"color: #2b2c36;\"><span style=\"font-family: Arial, sans-serif;\"><span style=\"font-size: medium;\"><b>Associa\u00e7\u00e3o Nacional dos Membros do Minist\u00e9rio P\u00fablico de Defesa dos Direitos das Pessoas com Defici\u00eancia e Idosos \u2013 AMPID<\/b><\/span><\/span><\/span><\/strong><span style=\"color: #000000;\"><span style=\"font-family: Arial, sans-serif;\"><span style=\"font-size: medium;\"> se solidariza com as notas da Associa\u00e7\u00e3o nacional dos Magistrados e Magistradas Trabalhistas (Anamatra), da Associa\u00e7\u00e3o Nacional dos Procuradores e Procuradoras do Trabalho (ANPT) e da Associa\u00e7\u00e3o dos Advogados Trabalhistas de S\u00e3o Paulo (AATSP) quanto \u00e0 determina\u00e7\u00e3o, por decis\u00e3o do Ministro Gilmar Mendes, de suspens\u00e3o nacional da tramita\u00e7\u00e3o de todos os processos que discutem a compet\u00eancia da Justi\u00e7a do Trabalho para julgar causas relacionadas \u00e0 fraude no contrato civil de presta\u00e7\u00e3o de servi\u00e7os, \u00e0 licitude da contrata\u00e7\u00e3o de trabalhadores aut\u00f4nomos e \u00e0 responsabilidade sobre o \u00f4nus da prova.<\/span><\/span><\/span><\/p>\n<p class=\"western\" align=\"justify\"><span style=\"color: #000000;\"><span style=\"font-family: Arial, sans-serif;\"><span style=\"font-size: medium;\"><br \/>\nA AMPID alerta, ao mesmo tempo, que qualquer decis\u00e3o do Supremo Tribunal Federal que fira a compet\u00eancia constitucional da Justi\u00e7a do Trabalho de analisar a realidade dos contratos de trabalho (artigo 114, inciso I da Constitui\u00e7\u00e3o da Rep\u00fablica) quanto \u00e0s poss\u00edveis fraudes contratuais de pessoas jur\u00eddicas (MEI\/PJ), comumente praticadas por empresas, ter\u00e1 como consequ\u00eancia funesta a inefic\u00e1cia da a\u00e7\u00e3o afirmativa de reserva de cargos em empresas com cem ou mais empregados(as) (artigo 93 da Lei n\u00b0 8.213\/91). Isso porque, as empresas utilizar\u00e3o do subterf\u00fagio para n\u00e3o mais contratar formalmente, o que contribuir\u00e1 para diminuir o n\u00famero de seus trabalhadores(as) cadastrados, no respectivo CNPJ, e, consequentemente, a diminui\u00e7\u00e3o e\/ou extin\u00e7\u00e3o da reserva de cargos para pessoas com\u00a0defici\u00eancia.<\/span><\/span><\/span><\/p>\n<p align=\"justify\"><span style=\"color: #000000;\"><span style=\"font-family: Arial, sans-serif;\"><span style=\"font-size: medium;\">15 de abril 2025.<\/span><\/span><\/span><\/p>\n<p align=\"justify\"><strong><span style=\"color: #000000;\"><span style=\"font-family: Arial, sans-serif;\"><span style=\"font-size: medium;\">Waldir Macieira da Costa Filho &#8211; Presidente da AMPID\u00a0<\/span><\/span><\/span><\/strong><\/p>\n<p><span style=\"font-family: Arial, sans-serif;\">\u00a0<\/span><\/p>\n<p align=\"justify\"><span style=\"font-family: Arial, sans-serif;\"><span style=\"font-size: medium;\">Para acessar as Notas em PDF,\u00a0 acesse abaixo: <\/span><\/span><\/p>\n<p align=\"justify\">Anamatra &#8211;\u00a0<a href=\"https:\/\/www.anamatra.org.br\/imprensa\/noticias\/35664-nota-anamatra-tema1389\">https:\/\/www.anamatra.org.br\/imprensa\/noticias\/35664-nota-anamatra-tema1389<\/a><\/p>\n<p align=\"justify\">ANP- <a href=\"http:\/\/ampid.org.br\/site2020\/wp-content\/uploads\/2025\/04\/NOTA-PUBLICA-DA-ANPT-DECISAO-GILMAR-MENDES.pdf\">NOTA P\u00daBLICA DA ANPT &#8211; DECIS\u00c3O GILMAR MENDES<\/a><a href=\"http:\/\/chrome-extension:\/\/efaidnbmnnnibpcajpcglclefindmkaj\/https:\/\/anpt.org.br\/attachments\/article\/9299\/NOTA%20P%C3%9ABLICA%20DA%20ANPT%20-%20DECIS%C3%83O%20GILMAR%20MENDES.pdf\">T<\/a><\/p>\n<p><span style=\"font-family: Arial, sans-serif;\">\u00a0<\/span><\/p>\n","protected":false},"excerpt":{"rendered":"<p>NOTA DE APOIO \u00c0S NOTAS DE REP\u00daDIO DA ANAMATRA, DA ANPT E DA AATSP SOBRE A SUSPENS\u00c3O DE PROCESSOS NA JUSTI\u00c7A DO TRABALHO \u2013 TEMA 1389\/STF A Associa\u00e7\u00e3o Nacional dos Membros do Minist\u00e9rio P\u00fablico de Defesa dos Direitos das Pessoas com Defici\u00eancia e Idosos \u2013 AMPID se solidariza com as notas da Associa\u00e7\u00e3o nacional dos&#8230;<\/p>\n","protected":false},"author":2,"featured_media":11617,"comment_status":"open","ping_status":"open","sticky":false,"template":"","format":"standard","meta":{"_acf_changed":false,"inline_featured_image":false,"footnotes":""},"categories":[195,22,31,32],"tags":[25,197,35],"class_list":["post-11616","post","type-post","status-publish","format-standard","has-post-thumbnail","hentry","category-195","category-notas","category-pessoas-com-deficiencia","category-publicacoes-em-destaque","tag-ampid","tag-justica-do-trabalho","tag-pessoas-com-deficiencia-2"],"acf":[],"_links":{"self":[{"href":"https:\/\/ampid.org.br\/site2020\/index.php?rest_route=\/wp\/v2\/posts\/11616","targetHints":{"allow":["GET"]}}],"collection":[{"href":"https:\/\/ampid.org.br\/site2020\/index.php?rest_route=\/wp\/v2\/posts"}],"about":[{"href":"https:\/\/ampid.org.br\/site2020\/index.php?rest_route=\/wp\/v2\/types\/post"}],"author":[{"embeddable":true,"href":"https:\/\/ampid.org.br\/site2020\/index.php?rest_route=\/wp\/v2\/users\/2"}],"replies":[{"embeddable":true,"href":"https:\/\/ampid.org.br\/site2020\/index.php?rest_route=%2Fwp%2Fv2%2Fcomments&post=11616"}],"version-history":[{"count":6,"href":"https:\/\/ampid.org.br\/site2020\/index.php?rest_route=\/wp\/v2\/posts\/11616\/revisions"}],"predecessor-version":[{"id":11625,"href":"https:\/\/ampid.org.br\/site2020\/index.php?rest_route=\/wp\/v2\/posts\/11616\/revisions\/11625"}],"wp:featuredmedia":[{"embeddable":true,"href":"https:\/\/ampid.org.br\/site2020\/index.php?rest_route=\/wp\/v2\/media\/11617"}],"wp:attachment":[{"href":"https:\/\/ampid.org.br\/site2020\/index.php?rest_route=%2Fwp%2Fv2%2Fmedia&parent=11616"}],"wp:term":[{"taxonomy":"category","embeddable":true,"href":"https:\/\/ampid.org.br\/site2020\/index.php?rest_route=%2Fwp%2Fv2%2Fcategories&post=11616"},{"taxonomy":"post_tag","embeddable":true,"href":"https:\/\/ampid.org.br\/site2020\/index.php?rest_route=%2Fwp%2Fv2%2Ftags&post=11616"}],"curies":[{"name":"wp","href":"https:\/\/api.w.org\/{rel}","templated":true}]}}