{"id":11608,"date":"2025-04-11T18:27:27","date_gmt":"2025-04-11T21:27:27","guid":{"rendered":"https:\/\/ampid.org.br\/site2020\/?p=11608"},"modified":"2025-05-09T11:40:17","modified_gmt":"2025-05-09T14:40:17","slug":"o-pl-1584-2025-e-a-lei-brasileira-de-inclusao","status":"publish","type":"post","link":"https:\/\/ampid.org.br\/site2020\/?p=11608","title":{"rendered":"O PL 1584\/2025 e a Lei Brasileira de Inclus\u00e3o"},"content":{"rendered":"<p><img loading=\"lazy\" decoding=\"async\" class=\"alignnone size-medium wp-image-9665\" src=\"http:\/\/ampid.org.br\/site2020\/wp-content\/uploads\/2020\/07\/preo-300x125.jpg\" alt=\"\" width=\"300\" height=\"125\" srcset=\"https:\/\/ampid.org.br\/site2020\/wp-content\/uploads\/2020\/07\/preo-300x125.jpg 300w, https:\/\/ampid.org.br\/site2020\/wp-content\/uploads\/2020\/07\/preo-1024x427.jpg 1024w, https:\/\/ampid.org.br\/site2020\/wp-content\/uploads\/2020\/07\/preo.jpg 1920w\" sizes=\"auto, (max-width: 300px) 100vw, 300px\" \/><\/p>\n<p>O PL 1584\/2025 E A LEI BRASILEIRA DE INCLUS\u00c3O<\/p>\n<p>A AMPID vem a p\u00fablico compartilhar sua perplexidade sobre o PL 1584\/2025 de autoria do Deputado Federal Duarte Jr. (PSB-MA) e encampado pela Comiss\u00e3o de Defesa dos Direitos das Pessoas com Defici\u00eancia (CPD) da C\u00e2mara dos Deputados que, sob a justificativa de concentrar os direitos e conquistas das pessoas com defici\u00eancia em um c\u00f3digo, est\u00e1 provocando inseguran\u00e7a social.<\/p>\n<p>Importante frisar que tal projeto n\u00e3o teve discuss\u00e3o pr\u00e9via com o segmento das pessoas com defici\u00eancia, n\u00e3o atendendo ao lema \u201cnada sobre n\u00f3s sem n\u00f3s\u201d.<\/p>\n<p>O referido PL pretende revogar a Lei Brasileira da Inclus\u00e3o da Pessoa com Defici\u00eancia (LBI) e demais leis conexas em vig\u00eancia, que foram frutos de amplo debate na sociedade e no Congresso Nacional, e que est\u00e3o de acordo com a Conven\u00e7\u00e3o sobre os Direitos da Pessoa com Defici\u00eancia (CDPD).<\/p>\n<p>A LBI \u00e9 um estatuto e \u00e9 sin\u00f4nimo de c\u00f3digo. Portanto, j\u00e1 temos um c\u00f3digo edificado a partir da CDPD.<\/p>\n<p>Al\u00e9m disso e com direta viola\u00e7\u00e3o ao princ\u00edpio do n\u00e3o retrocesso legal, o projeto de lei 1584\/2025 suprime conquistas e garantias legais j\u00e1 solidificadas das pessoas com\u00a0defici\u00eancia.<\/p>\n<p>&nbsp;<\/p>\n<p><span style=\"font-family: Arial, sans-serif;\">\u00a0<\/span><\/p>\n","protected":false},"excerpt":{"rendered":"<p>O PL 1584\/2025 E A LEI BRASILEIRA DE INCLUS\u00c3O A AMPID vem a p\u00fablico compartilhar sua perplexidade sobre o PL 1584\/2025 de autoria do Deputado Federal Duarte Jr. (PSB-MA) e encampado pela Comiss\u00e3o de Defesa dos Direitos das Pessoas com Defici\u00eancia (CPD) da C\u00e2mara dos Deputados que, sob a justificativa de concentrar os direitos e&#8230;<\/p>\n","protected":false},"author":2,"featured_media":9665,"comment_status":"open","ping_status":"open","sticky":false,"template":"","format":"standard","meta":{"_acf_changed":false,"inline_featured_image":false,"footnotes":""},"categories":[195,22,31,32],"tags":[59,69,35,20],"class_list":["post-11608","post","type-post","status-publish","format-standard","has-post-thumbnail","hentry","category-195","category-notas","category-pessoas-com-deficiencia","category-publicacoes-em-destaque","tag-lbi","tag-lei-brasileira-de-inclusao-da-pessoa-com-deficiencia-lbi","tag-pessoas-com-deficiencia-2","tag-slider"],"acf":[],"_links":{"self":[{"href":"https:\/\/ampid.org.br\/site2020\/index.php?rest_route=\/wp\/v2\/posts\/11608","targetHints":{"allow":["GET"]}}],"collection":[{"href":"https:\/\/ampid.org.br\/site2020\/index.php?rest_route=\/wp\/v2\/posts"}],"about":[{"href":"https:\/\/ampid.org.br\/site2020\/index.php?rest_route=\/wp\/v2\/types\/post"}],"author":[{"embeddable":true,"href":"https:\/\/ampid.org.br\/site2020\/index.php?rest_route=\/wp\/v2\/users\/2"}],"replies":[{"embeddable":true,"href":"https:\/\/ampid.org.br\/site2020\/index.php?rest_route=%2Fwp%2Fv2%2Fcomments&post=11608"}],"version-history":[{"count":4,"href":"https:\/\/ampid.org.br\/site2020\/index.php?rest_route=\/wp\/v2\/posts\/11608\/revisions"}],"predecessor-version":[{"id":11650,"href":"https:\/\/ampid.org.br\/site2020\/index.php?rest_route=\/wp\/v2\/posts\/11608\/revisions\/11650"}],"wp:featuredmedia":[{"embeddable":true,"href":"https:\/\/ampid.org.br\/site2020\/index.php?rest_route=\/wp\/v2\/media\/9665"}],"wp:attachment":[{"href":"https:\/\/ampid.org.br\/site2020\/index.php?rest_route=%2Fwp%2Fv2%2Fmedia&parent=11608"}],"wp:term":[{"taxonomy":"category","embeddable":true,"href":"https:\/\/ampid.org.br\/site2020\/index.php?rest_route=%2Fwp%2Fv2%2Fcategories&post=11608"},{"taxonomy":"post_tag","embeddable":true,"href":"https:\/\/ampid.org.br\/site2020\/index.php?rest_route=%2Fwp%2Fv2%2Ftags&post=11608"}],"curies":[{"name":"wp","href":"https:\/\/api.w.org\/{rel}","templated":true}]}}