{"id":11586,"date":"2025-03-17T16:14:35","date_gmt":"2025-03-17T19:14:35","guid":{"rendered":"https:\/\/ampid.org.br\/site2020\/?p=11586"},"modified":"2025-05-09T11:32:13","modified_gmt":"2025-05-09T14:32:13","slug":"nota-publica-sobre-o-decreto-no-12-411-de-14-de-marco-de-2025-que-dispoe-sobre-o-conselho-nacional-dos-direitos-da-pessoa-com-deficiencia","status":"publish","type":"post","link":"https:\/\/ampid.org.br\/site2020\/?p=11586","title":{"rendered":"Nota P\u00fablica sobre o Decreto N\u00ba 12.411, de 14 de mar\u00e7o de 2025 que disp\u00f5e sobre o Conselho Nacional dos Direitos da Pessoa\u00a0com\u00a0Defici\u00eancia"},"content":{"rendered":"<p><img loading=\"lazy\" decoding=\"async\" class=\"alignnone size-medium wp-image-9668\" src=\"http:\/\/ampid.org.br\/site2020\/wp-content\/uploads\/2020\/07\/pub-1-300x125.jpg\" alt=\"\" width=\"300\" height=\"125\" srcset=\"https:\/\/ampid.org.br\/site2020\/wp-content\/uploads\/2020\/07\/pub-1-300x125.jpg 300w, https:\/\/ampid.org.br\/site2020\/wp-content\/uploads\/2020\/07\/pub-1-1024x427.jpg 1024w, https:\/\/ampid.org.br\/site2020\/wp-content\/uploads\/2020\/07\/pub-1.jpg 1920w\" sizes=\"auto, (max-width: 300px) 100vw, 300px\" \/><\/p>\n<h4 align=\"center\">NOTA P\u00daBLICA SOBRE O DECRETO N\u00ba 12.411, DE\u00a0 14 DE MAR\u00c7O DE 2025 QUE DISP\u00d5E SOBRE O CONSELHO NACIONAL DOS DIREITOS DA PESSOA COM DEFICI\u00caNCIA<\/h4>\n<p align=\"justify\"><span style=\"color: #000000;\"><span style=\"font-family: Arial, sans-serif;\"><span style=\"font-size: medium;\"> A Associa\u00e7\u00e3o Nacional dos Membros do Minist\u00e9rio P\u00fablico de Defesa dos Direitos das Pessoas com Defici\u00eancia e Idosos \u2013 AMPID vem a p\u00fablico informar o retorno da Associa\u00e7\u00e3o como uma das representantes civis no CONADE.<\/span><\/span><\/span><\/p>\n<p align=\"justify\"><span style=\"color: #000000;\"><span style=\"font-family: Arial, sans-serif;\"><span style=\"font-size: medium;\">A resolu\u00e7\u00e3o foi publicada no DECRETO N\u00ba 12.411, DE 14 DE MAR\u00c7O DE 2025 que disp\u00f5e sobre o Conselho Nacional dos Direitos da Pessoa com Defici\u00eancia. O atual Decreto revoga os Decretos n\u00ba 10.177, de 16 de dezembro de 2019; n\u00ba 10.812, de 27 de setembro de 2021; e n\u00ba 10.841, de 20 de outubro de 2021.<\/span><\/span><\/span><\/p>\n<p align=\"justify\"><span style=\"color: #000000;\"><span style=\"font-family: Arial, sans-serif;\"><span style=\"font-size: medium;\">Os Conselhos Estaduais e Municipais de Direitos da Pessoa com Defici\u00eancia, bem como a AMPID &#8211; Associa\u00e7\u00e3o Nacional dos Membros do Minist\u00e9rio P\u00fablico de Defesa dos Direitos das Pessoas Idosas e Pessoas com Defici\u00eancia, retomam suas representa\u00e7\u00f5es. Assim, o Conade volta a ter 19 representa\u00e7\u00f5es das Organiza\u00e7\u00f5es da Sociedade Civil e 19 do Governo Federal.<\/span><\/span><\/span><\/p>\n<p align=\"justify\"><span style=\"color: #000000;\"><span style=\"font-family: Arial, sans-serif;\"><span style=\"font-size: medium;\">Al\u00e9m disso, houve a inclus\u00e3o da representa\u00e7\u00e3o da Advocacia-Geral da Uni\u00e3o e estendeu-se a atual gest\u00e3o por mais 60 dias para finaliza\u00e7\u00e3o do processo eleitoral.<\/span><\/span><\/span><\/p>\n<p align=\"justify\"><span style=\"color: #000000;\"><span style=\"font-family: Arial, sans-serif;\"><span style=\"font-size: medium;\">A AMPID agradece o apoio e empenho da Secret\u00e1ria Nacional dos Direitos da Pessoa com Defici\u00eancia Anna Feminella, Ministra dos Direitos Humanos Maca\u00e9 Evaristo dos Santos e as entidades progressistas das pessoas com defici\u00eancia que nos apoiaram nesse retorno.<br \/>\nVit\u00f3ria de todos os ampidianos e ampidianas que com os seus trabalhos na defesa das pessoas com defici\u00eancia tiveram o reconhecimento nacional das entidades e institui\u00e7\u00f5es representativas desse segmento e do Governo Federal.<br \/>\n<\/span><\/span><\/span><\/p>\n<p align=\"justify\"><span style=\"color: #000000;\"><span style=\"font-family: Arial, sans-serif;\"><span style=\"font-size: medium;\">17 de mar\u00e7o de 2025.<\/span><\/span><\/span><\/p>\n<p align=\"justify\"><strong><span style=\"color: #000000;\"><span style=\"font-family: Arial, sans-serif;\"><span style=\"font-size: medium;\">Waldir Macieira da Costa Filho &#8211; Presidente da AMPID\u00a0<\/span><\/span><\/span><\/strong><\/p>\n<p><span style=\"font-family: Arial, sans-serif;\"><span style=\"font-size: medium;\">Para acessar a resolu\u00e7\u00e3o, acesse aqui: <a href=\"https:\/\/www.in.gov.br\/en\/web\/dou\/-\/decreto-n-12.411-de-14-de-marco-de-2025-617967738\">https:\/\/www.in.gov.br\/en\/web\/dou\/-\/decreto-n-12.411-de-14-de-marco-de-2025-617967738<\/a><\/span><\/span><\/p>\n<p align=\"justify\"><span style=\"font-family: Arial, sans-serif;\"><span style=\"font-size: medium;\">Para acessar a Nota em PDF,\u00a0 clique <a href=\"http:\/\/ampid.org.br\/site2020\/wp-content\/uploads\/2025\/03\/NOTA-PUBLICA.Assdocx1-1.pdf\">aqui<\/a><\/span><\/span><\/p>\n<p><span style=\"font-family: Arial, sans-serif;\">\u00a0<\/span><\/p>\n","protected":false},"excerpt":{"rendered":"<p>NOTA P\u00daBLICA SOBRE O DECRETO N\u00ba 12.411, DE\u00a0 14 DE MAR\u00c7O DE 2025 QUE DISP\u00d5E SOBRE O CONSELHO NACIONAL DOS DIREITOS DA PESSOA COM DEFICI\u00caNCIA A Associa\u00e7\u00e3o Nacional dos Membros do Minist\u00e9rio P\u00fablico de Defesa dos Direitos das Pessoas com Defici\u00eancia e Idosos \u2013 AMPID vem a p\u00fablico informar o retorno da Associa\u00e7\u00e3o como uma&#8230;<\/p>\n","protected":false},"author":2,"featured_media":9668,"comment_status":"open","ping_status":"open","sticky":false,"template":"","format":"standard","meta":{"_acf_changed":false,"inline_featured_image":false,"footnotes":""},"categories":[195,22,31,32],"tags":[27,35],"class_list":["post-11586","post","type-post","status-publish","format-standard","has-post-thumbnail","hentry","category-195","category-notas","category-pessoas-com-deficiencia","category-publicacoes-em-destaque","tag-conade","tag-pessoas-com-deficiencia-2"],"acf":[],"_links":{"self":[{"href":"https:\/\/ampid.org.br\/site2020\/index.php?rest_route=\/wp\/v2\/posts\/11586","targetHints":{"allow":["GET"]}}],"collection":[{"href":"https:\/\/ampid.org.br\/site2020\/index.php?rest_route=\/wp\/v2\/posts"}],"about":[{"href":"https:\/\/ampid.org.br\/site2020\/index.php?rest_route=\/wp\/v2\/types\/post"}],"author":[{"embeddable":true,"href":"https:\/\/ampid.org.br\/site2020\/index.php?rest_route=\/wp\/v2\/users\/2"}],"replies":[{"embeddable":true,"href":"https:\/\/ampid.org.br\/site2020\/index.php?rest_route=%2Fwp%2Fv2%2Fcomments&post=11586"}],"version-history":[{"count":4,"href":"https:\/\/ampid.org.br\/site2020\/index.php?rest_route=\/wp\/v2\/posts\/11586\/revisions"}],"predecessor-version":[{"id":11592,"href":"https:\/\/ampid.org.br\/site2020\/index.php?rest_route=\/wp\/v2\/posts\/11586\/revisions\/11592"}],"wp:featuredmedia":[{"embeddable":true,"href":"https:\/\/ampid.org.br\/site2020\/index.php?rest_route=\/wp\/v2\/media\/9668"}],"wp:attachment":[{"href":"https:\/\/ampid.org.br\/site2020\/index.php?rest_route=%2Fwp%2Fv2%2Fmedia&parent=11586"}],"wp:term":[{"taxonomy":"category","embeddable":true,"href":"https:\/\/ampid.org.br\/site2020\/index.php?rest_route=%2Fwp%2Fv2%2Fcategories&post=11586"},{"taxonomy":"post_tag","embeddable":true,"href":"https:\/\/ampid.org.br\/site2020\/index.php?rest_route=%2Fwp%2Fv2%2Ftags&post=11586"}],"curies":[{"name":"wp","href":"https:\/\/api.w.org\/{rel}","templated":true}]}}