{"id":11555,"date":"2024-11-26T13:40:13","date_gmt":"2024-11-26T16:40:13","guid":{"rendered":"https:\/\/ampid.org.br\/site2020\/?p=11555"},"modified":"2024-11-26T14:22:06","modified_gmt":"2024-11-26T17:22:06","slug":"nota-de-repudio-contra-a-fala-do-ministro-do-stj-por-reconhecer-seu-carater-equivocado-discriminatorio-e-ofensivo-as-pessoas-com-autismo-e-suas-familias","status":"publish","type":"post","link":"https:\/\/ampid.org.br\/site2020\/?p=11555","title":{"rendered":"Nota de Rep\u00fadio contra a fala do Ministro do STJ por reconhecer seu car\u00e1ter equivocado, discriminat\u00f3rio e ofensivo \u00e0s pessoas com autismo e suas fam\u00edlias"},"content":{"rendered":"<p><img loading=\"lazy\" decoding=\"async\" class=\"alignnone size-medium wp-image-9667\" src=\"http:\/\/ampid.org.br\/site2020\/wp-content\/uploads\/2020\/07\/rep-300x125.jpg\" alt=\"\" width=\"300\" height=\"125\" srcset=\"https:\/\/ampid.org.br\/site2020\/wp-content\/uploads\/2020\/07\/rep-300x125.jpg 300w, https:\/\/ampid.org.br\/site2020\/wp-content\/uploads\/2020\/07\/rep-1024x427.jpg 1024w, https:\/\/ampid.org.br\/site2020\/wp-content\/uploads\/2020\/07\/rep.jpg 1920w\" sizes=\"auto, (max-width: 300px) 100vw, 300px\" \/><\/p>\n<p align=\"center\"><span style=\"color: #000000;\"><span style=\"font-family: Arial, sans-serif;\"><b><span style=\"font-size: medium;\">NOTA DE REP\u00daDIO CONTRA A FALA DO MINISTRO DO STJ POR RECONHECER SEU CAR\u00c1TER EQUIVOCADO, DISCRIMINAT\u00d3RIO E OFENSIVO \u00c0S PESSOAS COM AUTISMO E SUAS FAM\u00cdLIAS<\/span><\/b><\/span><\/span><\/p>\n<p align=\"justify\"><span style=\"color: #000000;\"><span style=\"font-family: Arial, sans-serif;\"><span style=\"font-size: medium;\">\u00a0A <\/span><span style=\"font-size: medium;\"><b>Associa\u00e7\u00e3o Nacional dos Membros do Minist\u00e9rio P\u00fablico de Defesa dos Direitos das Pessoas com Defici\u00eancia e Idosos \u2013 AMPID<\/b><\/span><span style=\"font-size: medium;\"> vem a p\u00fablico se posicionar contra as declara\u00e7\u00f5es do<\/span><span style=\"font-size: medium;\"> Ministro Ant\u00f4nio Saldanha, do Superior Tribunal de Justi\u00e7a (STJ), em 22 de novembro do corrente ano (2024), <\/span><span style=\"font-size: medium;\">durante o 3\u00ba Congresso Nacional do F\u00f3rum Nacional do Poder Judici\u00e1rio para a Sa\u00fade, promovido pelo Conselho Nacional de Justi\u00e7a (CNJ), ao<\/span><span style=\"font-size: medium;\"> afirmar:<\/span><span style=\"font-size: medium;\"> \u201cPara os pais, \u00e9 uma tranquilidade saber que o seu filho, que tem um problema, vai ficar de 6 a 8 horas por dia em uma cl\u00ednica especializada, passeando na floresta. Mas isso custa.\u201d<\/span><\/span><\/span><\/p>\n<p align=\"justify\"><span style=\"color: #000000;\"><span style=\"font-family: Arial, sans-serif;\"><span style=\"font-size: medium;\"> Segundo v\u00eddeo amplamente divulgado em m\u00eddias sociais, <\/span><span style=\"font-size: medium;\">ao falar sobre a judicializa\u00e7\u00e3o dos planos de sa\u00fade, comparou terapias destinadas aos autistas a \u201cpasseios na floresta\u201d, <\/span><span style=\"font-size: medium;\">demonstrando desconhecimento b\u00e1sico sobre a principal terapia usada em casos de autismo (e recomendada pelo CDC americano), a ABA, e sua vertente mais moderna, conhecida como ABA natural\u00edstica, que treina habilidades em contexto natural.<\/span><\/span><\/span><\/p>\n<p align=\"justify\"><span style=\"color: #000000;\"><span style=\"font-family: Arial, sans-serif;\"><span style=\"font-size: medium;\"> A fala do Ministro do STJ <\/span><span style=\"font-size: medium;\">ao associar tratamentos como ABA (An\u00e1lise do Comportamento Aplicada) a conceitos simplistas e irreverentes, como &#8220;abra\u00e7ar \u00e1rvores&#8221; ou &#8220;passear na floresta&#8221;, demonstra desconhecimento e provocou indigna\u00e7\u00e3o entre profissionais das cl\u00ednicas especializadas, fam\u00edlias de pessoas com Transtorno do Espectro Autista &#8211; TEA e defensores de pol\u00edticas inclusivas e baseadas em evid\u00eancias, al\u00e9m de<\/span><span style=\"font-size: medium;\"> contribuir para a pr\u00e1tica de capacitismo contra <\/span><\/span><\/span><span style=\"color: #000000;\"><span style=\"font-family: Arial, sans-serif;\"><span style=\"font-size: medium;\">a pessoa com autismo e desinforma\u00e7\u00e3o na sociedade a respeito do que constitui o TEA.<\/span><\/span><\/span><\/p>\n<p align=\"justify\"><span style=\"color: #000000;\"><span style=\"font-family: Arial, sans-serif;\"> <span style=\"font-size: medium;\">N\u00e3o obstante, ao comentar sobre a amplitude do espectro do autismo e sugerir que qualquer pessoa pode apresentar &#8220;fatores de autismo&#8221;, inclusive ele pr\u00f3prio, a fala do Ministro do STJ refor\u00e7ou uma vis\u00e3o estereotipada sobre o TEA, o que pode gerar interpreta\u00e7\u00f5es equivocadas e desinforma\u00e7\u00e3o sobre a condi\u00e7\u00e3o.<\/span><span style=\"font-size: medium;\">O Transtorno do Espectro Autista (TEA) ao contr\u00e1rio da fala equivocada do Ministro n\u00e3o \u00e9 um \u201cproblema de cogni\u00e7\u00e3o\u201d \u00e9 considerado um transtorno do neurodesenvolvimento, de in\u00edcio precoce, caracterizado por d\u00e9ficits persistentes na comunica\u00e7\u00e3o e na intera\u00e7\u00e3o social, associados a padr\u00f5es restritos e repetitivos de comportamento, interesses e atividades.<\/span><\/span><\/span><\/p>\n<p align=\"justify\"><span style=\"color: #000000;\"><span style=\"font-family: Arial, sans-serif;\"><span style=\"font-size: medium;\"> \u00c9 necess\u00e1rio que as pessoas compreendam melhor o autismo, suas caracter\u00edsticas e necessidades, para que possam contribuir de maneira positiva e construtiva na promo\u00e7\u00e3o da igualdade e da inclus\u00e3o.<\/span><\/span><\/span><\/p>\n<p align=\"justify\"><span style=\"color: #000000;\"><span style=\"font-family: Arial, sans-serif;\"> <span style=\"font-size: medium;\">O debate sobre uma poss\u00edvel &#8220;mercantiliza\u00e7\u00e3o&#8221; do autismo pelas cl\u00ednicas que realizam tratamentos multidisciplinares e sobre a utiliza\u00e7\u00e3o da medicina baseada em evid\u00eancias precisa ser realizado de forma t\u00e9cnica e respons\u00e1vel, evitando estigmatizar fam\u00edlias, profissionais e indiv\u00edduos que buscam por atendimento de qualidade.<\/span><\/span><\/span><\/p>\n<p align=\"justify\"><span style=\"color: #000000;\"><span style=\"font-family: Arial, sans-serif;\"> <span style=\"font-size: medium;\">As falas do Ministro do STJ tamb\u00e9m evidenciam a necessidade de maior di\u00e1logo entre o Poder Judici\u00e1rio, as pol\u00edticas p\u00fablicas de sa\u00fade, as institui\u00e7\u00f5es p\u00fablicas e privadas de sa\u00fade e, principalmente, a comunidade autista e suas fam\u00edlias, para garantir abordagens mais informadas, adequadas e respeitosas.<\/span><\/span><\/span><\/p>\n<p align=\"justify\"><span style=\"color: #000000;\"><span style=\"font-family: Arial, sans-serif;\"><span style=\"font-size: medium;\"> A conscientiza\u00e7\u00e3o e a informa\u00e7\u00e3o sobre o autismo s\u00e3o fundamentais na luta contra a discrimina\u00e7\u00e3o. \u00c9 preciso que as pessoas compreendam melhor o autismo, suas caracter\u00edsticas e necessidades, para que possam contribuir de maneira positiva e construtiva na promo\u00e7\u00e3o da igualdade e da inclus\u00e3o.<\/span><\/span><\/span><\/p>\n<p align=\"justify\"><span style=\"color: #000000;\"><span style=\"font-family: Arial, sans-serif;\"><span style=\"font-size: medium;\">A AMPID , em defesa das pessoas com TEA, repudia veemente a fala do referido Ministro do STJ, por reconhecer seu <\/span><\/span><\/span><span style=\"color: #000000;\"><span style=\"font-family: Arial, sans-serif;\"><span style=\"font-size: medium;\">car\u00e1<\/span><\/span><\/span><span style=\"color: #000000;\"><span style=\"font-family: Arial, sans-serif;\"><span style=\"font-size: medium;\">ter equivocado<\/span><\/span><\/span><span style=\"color: #000000;\"><span style=\"font-family: Arial, sans-serif;\"><span style=\"font-size: medium;\">, discriminat\u00f3rio e ofensivo \u00e0s pessoas com autismo e suas fam\u00edlias, contr\u00e1rio aos princ\u00edpios da nossa Constitui\u00e7\u00e3o Federal de igualdade e dignidade da pessoa humana, ao prescrito na Conven\u00e7\u00e3o sobre os Direitos da Pessoa com Defici\u00eancia e a Lei <\/span><\/span><\/span><span style=\"color: #000000;\"><span style=\"font-family: Arial, sans-serif;\"><span style=\"font-size: medium;\">n.\u00ba 12.764\/2012 (que institui direitos para pessoas com Transtorno do Espectro Autista) <\/span><\/span><\/span><span style=\"color: #000000;\"><span style=\"font-family: Arial, sans-serif;\"><span style=\"font-size: medium;\">, assim, como reafirma a necessidade do respeito e garantia aos direitos inerentes \u00e0 Pessoa com Defici\u00eancia.<\/span><\/span><\/span><\/p>\n<p align=\"justify\"><span style=\"color: #000000;\"><span style=\"font-family: Arial, sans-serif;\"><span style=\"font-size: medium;\">Bras\u00edlia, 26 de novembro de 2024.<\/span><\/span><\/span><\/p>\n<p align=\"justify\"><strong><span style=\"color: #000000;\"><span style=\"font-family: Arial, sans-serif;\"><span style=\"font-size: medium;\">Waldir Macieira da Costa Filho &#8211; Presidente da AMPID\u00a0<\/span><\/span><\/span><\/strong><\/p>\n<p>&nbsp;<\/p>\n<p align=\"justify\"><span style=\"font-family: Arial, sans-serif;\"><span style=\"font-size: medium;\">Para acessar a Nota em PDF,\u00a0 clique <a href=\"http:\/\/ampid.org.br\/site2020\/wp-content\/uploads\/2024\/11\/NOTA-DE-REPUDIO-STJ.pdf\">aqui<\/a><\/span><\/span><\/p>\n<p><span style=\"font-family: Arial, sans-serif;\">\u00a0<\/span><\/p>\n","protected":false},"excerpt":{"rendered":"<p>NOTA DE REP\u00daDIO CONTRA A FALA DO MINISTRO DO STJ POR RECONHECER SEU CAR\u00c1TER EQUIVOCADO, DISCRIMINAT\u00d3RIO E OFENSIVO \u00c0S PESSOAS COM AUTISMO E SUAS FAM\u00cdLIAS \u00a0A Associa\u00e7\u00e3o Nacional dos Membros do Minist\u00e9rio P\u00fablico de Defesa dos Direitos das Pessoas com Defici\u00eancia e Idosos \u2013 AMPID vem a p\u00fablico se posicionar contra as declara\u00e7\u00f5es do Ministro&#8230;<\/p>\n","protected":false},"author":2,"featured_media":9667,"comment_status":"open","ping_status":"open","sticky":false,"template":"","format":"standard","meta":{"_acf_changed":false,"inline_featured_image":false,"footnotes":""},"categories":[190,22,31,32],"tags":[191,91,35],"class_list":["post-11555","post","type-post","status-publish","format-standard","has-post-thumbnail","hentry","category-190","category-notas","category-pessoas-com-deficiencia","category-publicacoes-em-destaque","tag-191","tag-cotas","tag-pessoas-com-deficiencia-2"],"acf":[],"_links":{"self":[{"href":"https:\/\/ampid.org.br\/site2020\/index.php?rest_route=\/wp\/v2\/posts\/11555","targetHints":{"allow":["GET"]}}],"collection":[{"href":"https:\/\/ampid.org.br\/site2020\/index.php?rest_route=\/wp\/v2\/posts"}],"about":[{"href":"https:\/\/ampid.org.br\/site2020\/index.php?rest_route=\/wp\/v2\/types\/post"}],"author":[{"embeddable":true,"href":"https:\/\/ampid.org.br\/site2020\/index.php?rest_route=\/wp\/v2\/users\/2"}],"replies":[{"embeddable":true,"href":"https:\/\/ampid.org.br\/site2020\/index.php?rest_route=%2Fwp%2Fv2%2Fcomments&post=11555"}],"version-history":[{"count":3,"href":"https:\/\/ampid.org.br\/site2020\/index.php?rest_route=\/wp\/v2\/posts\/11555\/revisions"}],"predecessor-version":[{"id":11561,"href":"https:\/\/ampid.org.br\/site2020\/index.php?rest_route=\/wp\/v2\/posts\/11555\/revisions\/11561"}],"wp:featuredmedia":[{"embeddable":true,"href":"https:\/\/ampid.org.br\/site2020\/index.php?rest_route=\/wp\/v2\/media\/9667"}],"wp:attachment":[{"href":"https:\/\/ampid.org.br\/site2020\/index.php?rest_route=%2Fwp%2Fv2%2Fmedia&parent=11555"}],"wp:term":[{"taxonomy":"category","embeddable":true,"href":"https:\/\/ampid.org.br\/site2020\/index.php?rest_route=%2Fwp%2Fv2%2Fcategories&post=11555"},{"taxonomy":"post_tag","embeddable":true,"href":"https:\/\/ampid.org.br\/site2020\/index.php?rest_route=%2Fwp%2Fv2%2Ftags&post=11555"}],"curies":[{"name":"wp","href":"https:\/\/api.w.org\/{rel}","templated":true}]}}