{"id":11478,"date":"2024-09-01T18:49:16","date_gmt":"2024-09-01T21:49:16","guid":{"rendered":"https:\/\/ampid.org.br\/site2020\/?p=11478"},"modified":"2024-09-02T09:21:19","modified_gmt":"2024-09-02T12:21:19","slug":"nota-publica-de-adesao-a-recomendacao-no-024-pela-ratificacao-da-convencao-interamericana-sobre-a-protecao-dos-direitos-humanos-dos-idosos","status":"publish","type":"post","link":"https:\/\/ampid.org.br\/site2020\/?p=11478","title":{"rendered":"Nota P\u00fablica de Ades\u00e3o \u00e0 Recomenda\u00e7\u00e3o n\u00ba 024, pela ratifica\u00e7\u00e3o da Conven\u00e7\u00e3o Interamericana sobre a Prote\u00e7\u00e3o dos Direitos Humanos dos Idosos"},"content":{"rendered":"<h5><\/h5>\n<p>&nbsp;<\/p>\n<p><img loading=\"lazy\" decoding=\"async\" class=\"alignnone size-medium wp-image-9668\" src=\"http:\/\/ampid.org.br\/site2020\/wp-content\/uploads\/2020\/07\/pub-1-300x125.jpg\" alt=\"\" width=\"300\" height=\"125\" srcset=\"https:\/\/ampid.org.br\/site2020\/wp-content\/uploads\/2020\/07\/pub-1-300x125.jpg 300w, https:\/\/ampid.org.br\/site2020\/wp-content\/uploads\/2020\/07\/pub-1-1024x427.jpg 1024w, https:\/\/ampid.org.br\/site2020\/wp-content\/uploads\/2020\/07\/pub-1.jpg 1920w\" sizes=\"auto, (max-width: 300px) 100vw, 300px\" \/><\/p>\n<h3 align=\"justify\"><\/h3>\n<p class=\"western\" style=\"text-align: left;\" align=\"center\"><span style=\"font-family: Arial, serif;\"><span style=\"font-size: medium;\"><b>NOTA P\u00daBLICA DE ADES\u00c3O \u00e0 Recomenda\u00e7\u00e3o n\u00ba 024, aprovada, em data recente, pelo Conselho Nacional de Sa\u00fade (CNS), onde \u00e9 Recomendado ao Congresso Nacional ratificar na \u00edntegra a Conven\u00e7\u00e3o Interamericana sobre a Prote\u00e7\u00e3o dos Direitos Humanos dos Idosos.<\/b><\/span><\/span><\/p>\n<p>&nbsp;<\/p>\n<p align=\"left\">A <b>Associa\u00e7\u00e3o Nacional dos Membros do Minist\u00e9rio P\u00fablico de Defesa dos Direitos das Pessoas com Defici\u00eancia e Idosos \u2013 AMPID<\/b> vem a p\u00fablico aderir \u00e0 Recomenda\u00e7\u00e3o n\u00ba 024, aprovada, em data recente, pelo Conselho Nacional de Sa\u00fade (CNS) , cuja publica\u00e7\u00e3o segue abaixo, na \u00edntegra:<\/p>\n<p align=\"left\"><em>&#8220;Considerando que o Censo Demogr\u00e1fico de 2022, do Instituto Brasileiro de Geografia e Estat\u00edstica (IBGE), atualiza as caracter\u00edsticas dessa parcela da popula\u00e7\u00e3o, fornecendo dados valiosos que orientam pol\u00edticas p\u00fablicas, programas sociais e estrat\u00e9gias de cuidados de sa\u00fade;<\/em><\/p>\n<p align=\"left\"><em>Considerando que, segundo o Censo Demogr\u00e1fico (Segunda Apura\u00e7\u00e3o), a popula\u00e7\u00e3o de pessoas idosas residente no Brasil, em 2022, era de 32.113.490 pessoas, representando um acr\u00e9scimo de 56% em rela\u00e7\u00e3o \u00e0quela recenseada em 2010 e que, desse quantitativo apurado, 17.887.737 (55,7%) eram mulheres e 14.225.753 (44,3%) eram homens;<\/em><\/p>\n<p align=\"left\"><em>Considerando que esse grupo populacional, mais expressivo a cada ano, precisa ser mais visibilizado e reconhecido, visto que permanece tendo seus direitos humanos e liberdades fundamentais continuadamente violados, al\u00e9m de sofrer discrimina\u00e7\u00f5es, de maneira sistem\u00e1tica, baseadas no crit\u00e9rio de idade, que tamb\u00e9m chamamos de idadismo;<\/em><\/p>\n<p align=\"left\"><em>Considerando que estamos em plena D\u00e9cada do Envelhecimento Saud\u00e1vel (2021-2030), declarada pela Assembleia Geral das Na\u00e7\u00f5es Unidas em dezembro de 2020, que tem como foco construir uma sociedade para todas as idades, a partir da reuni\u00e3o de esfor\u00e7os dos governos, da sociedade civil, das<\/em><br \/>\n<em>ag\u00eancias internacionais, das equipes profissionais, das academias, dos meios de comunica\u00e7\u00e3o social e do setor privado para melhorar a vida das pessoas idosas, das suas fam\u00edlias e das suas comunidades.<\/em><\/p>\n<p align=\"left\"><em>Considerando a necessidade de promover, proteger e assegurar o reconhecimento e o pleno gozo do exerc\u00edcio, em condi\u00e7\u00f5es de igualdade, de todos os direitos humanos e liberdades fundamentais da pessoa idosa, bem como fomentar o envelhecimento ativo; e<\/em><\/p>\n<p align=\"left\"><em>Considerando a imprescindibilidade de recepcionar em nosso ordenamento jur\u00eddico as normas estabelecidas pela referida Conven\u00e7\u00e3o Minist\u00e9rio da Sa\u00fade \/ Conselho Nacional de Sa\u00fade 2\/2 Interamericana, por meio da aprova\u00e7\u00e3o do Projeto de Decreto Legislativo n\u00ba 863\/2017. Recomenda Ao Congresso Nacional:<\/em><\/p>\n<p align=\"left\"><em>A imediata ratifica\u00e7\u00e3o da Conven\u00e7\u00e3o Interamericana sobre a Prote\u00e7\u00e3o dos Direitos Humanos da Pessoa Idosa, aprovada no \u00e2mbito da OEA, na \u00edntegra, pelo Parlamento Brasileiro, atrav\u00e9s do PDC 863\/2017, que est\u00e1 pautado para aprecia\u00e7\u00e3o do Plen\u00e1rio da C\u00e2mara dos Deputados, desde 10 de agosto de 2023.<\/em><\/p>\n<p align=\"left\"><em>\u00c0 Comiss\u00e3o de Defesa dos Direitos da Pessoa Idosa (CIDOSO): Que envide esfor\u00e7os para, com celeridade, p\u00f4r em discuss\u00e3o e vota\u00e7\u00e3o no Plen\u00e1rio a ratifica\u00e7\u00e3o plena da Conven\u00e7\u00e3o Interamericana sobre a Prote\u00e7\u00e3o dos Direitos Humanos da Pessoa Idosa, aprovada no \u00e2mbito da OEA, na \u00edntegra, pelo Parlamento Brasileiro, atrav\u00e9s do PDC 863\/2017, que est\u00e1 pautado para aprecia\u00e7\u00e3o do Plen\u00e1rio da C\u00e2mara dos Deputados, desde 10 de agosto de 2023.&#8221;<\/em><\/p>\n<p>01 de setembro de 2024<\/p>\n<p align=\"left\">Waldir Macieira da Costa Filho<\/p>\n<p align=\"left\">Presidente\u00a0da\u00a0AMPID<\/p>\n<p>&nbsp;<\/p>\n<p align=\"justify\"><span style=\"font-family: Arial, sans-serif;\"><span style=\"font-size: medium;\">Para acessar a Nota em PDF,\u00a0 clique <a href=\"http:\/\/ampid.org.br\/site2020\/wp-content\/uploads\/2024\/09\/NOTA-PUBLICA-DE-ADESAO-a-Recomendacao-no-024-pela-ratificacao-da-Convencao-Interamericana-sobre-a-Protecao-dos-Direitos-Humanos-dos-Idosos-2.pdf\">aqui <\/a><\/span><\/span><\/p>\n<p style=\"text-align: left;\" align=\"justify\"><span style=\"font-family: Arial, sans-serif;\"><span style=\"font-size: medium;\">Link para acessar a <a href=\"https:\/\/www.gov.br\/conselho-nacional-de-saude\/pt-br\/acesso-a-informacao\/legislacao\/recomendacoes\/2024\/reco024-recomenda-ao-congresso-nacional-ratificar-na-integra-a-convencao-interamericana-sobre-a-protecao-dos-direitos-humanos-dos-idosos.pdf\/view\">Recomenda\u00e7\u00e3o N\u00ba 024\u00a0<\/a> sobre a imediata ratifica\u00e7\u00e3o da Conven\u00e7\u00e3o pelo Congresso Nacional sobre os direitos das pessoas idosas.: <a href=\"https:\/\/www.gov.br\/conselho-nacional-de-saude\/pt-br\/assuntos\/noticias\/2024\/agosto\/conselho-nacional-pede-ratificacao-urgente-de-convencao-sobre-direitos-de-pessoas-idosas\">https:\/\/www.gov.br\/conselho-nacional-de-saude\/pt-br\/assuntos\/noticias\/2024\/agosto\/conselho-nacional-pede-ratificacao-urgente-de-convencao-sobre-direitos-de-pessoas-idosas<\/a><\/span><\/span><\/p>\n<p align=\"justify\"><span style=\"font-family: Arial, sans-serif;\">\u00a0<\/span><\/p>\n<p><span style=\"font-family: Arial, sans-serif;\">\u00a0<\/span><\/p>\n","protected":false},"excerpt":{"rendered":"<p>&nbsp; NOTA P\u00daBLICA DE ADES\u00c3O \u00e0 Recomenda\u00e7\u00e3o n\u00ba 024, aprovada, em data recente, pelo Conselho Nacional de Sa\u00fade (CNS), onde \u00e9 Recomendado ao Congresso Nacional ratificar na \u00edntegra a Conven\u00e7\u00e3o Interamericana sobre a Prote\u00e7\u00e3o dos Direitos Humanos dos Idosos. &nbsp; A Associa\u00e7\u00e3o Nacional dos Membros do Minist\u00e9rio P\u00fablico de Defesa dos Direitos das Pessoas com&#8230;<\/p>\n","protected":false},"author":2,"featured_media":9668,"comment_status":"open","ping_status":"open","sticky":false,"template":"","format":"standard","meta":{"_acf_changed":false,"inline_featured_image":false,"footnotes":""},"categories":[190,22,31,32],"tags":[191,194,90],"class_list":["post-11478","post","type-post","status-publish","format-standard","has-post-thumbnail","hentry","category-190","category-notas","category-pessoas-com-deficiencia","category-publicacoes-em-destaque","tag-191","tag-convencao-interamericana-sobre-a-protecao-dos-direitos-humanos-dos-idosos","tag-pessoas-idosas"],"acf":[],"_links":{"self":[{"href":"https:\/\/ampid.org.br\/site2020\/index.php?rest_route=\/wp\/v2\/posts\/11478","targetHints":{"allow":["GET"]}}],"collection":[{"href":"https:\/\/ampid.org.br\/site2020\/index.php?rest_route=\/wp\/v2\/posts"}],"about":[{"href":"https:\/\/ampid.org.br\/site2020\/index.php?rest_route=\/wp\/v2\/types\/post"}],"author":[{"embeddable":true,"href":"https:\/\/ampid.org.br\/site2020\/index.php?rest_route=\/wp\/v2\/users\/2"}],"replies":[{"embeddable":true,"href":"https:\/\/ampid.org.br\/site2020\/index.php?rest_route=%2Fwp%2Fv2%2Fcomments&post=11478"}],"version-history":[{"count":7,"href":"https:\/\/ampid.org.br\/site2020\/index.php?rest_route=\/wp\/v2\/posts\/11478\/revisions"}],"predecessor-version":[{"id":11488,"href":"https:\/\/ampid.org.br\/site2020\/index.php?rest_route=\/wp\/v2\/posts\/11478\/revisions\/11488"}],"wp:featuredmedia":[{"embeddable":true,"href":"https:\/\/ampid.org.br\/site2020\/index.php?rest_route=\/wp\/v2\/media\/9668"}],"wp:attachment":[{"href":"https:\/\/ampid.org.br\/site2020\/index.php?rest_route=%2Fwp%2Fv2%2Fmedia&parent=11478"}],"wp:term":[{"taxonomy":"category","embeddable":true,"href":"https:\/\/ampid.org.br\/site2020\/index.php?rest_route=%2Fwp%2Fv2%2Fcategories&post=11478"},{"taxonomy":"post_tag","embeddable":true,"href":"https:\/\/ampid.org.br\/site2020\/index.php?rest_route=%2Fwp%2Fv2%2Ftags&post=11478"}],"curies":[{"name":"wp","href":"https:\/\/api.w.org\/{rel}","templated":true}]}}