{"id":11298,"date":"2023-11-16T21:57:51","date_gmt":"2023-11-17T00:57:51","guid":{"rendered":"http:\/\/ampid.org.br\/site2020\/?p=11298"},"modified":"2023-11-16T21:57:59","modified_gmt":"2023-11-17T00:57:59","slug":"nota-de-preocupacao-sobre-a-omissao-de-previsao-de-reserva-para-pessoas-com-deficiencia-no-exame-nacional-magistratura-resolucao-cnj-no-531-2023","status":"publish","type":"post","link":"https:\/\/ampid.org.br\/site2020\/?p=11298","title":{"rendered":"Nota de Preocupa\u00e7\u00e3o sobre a Omiss\u00e3o de Previs\u00e3o de Reserva para pessoas com defici\u00eancia no Exame Nacional Magistratura \u2013 Resolu\u00e7\u00e3o CNJ n\u00ba 531\/2023"},"content":{"rendered":"<p><img loading=\"lazy\" decoding=\"async\" class=\"alignnone size-medium wp-image-9665\" src=\"http:\/\/ampid.org.br\/site2020\/wp-content\/uploads\/2020\/07\/preo-300x125.jpg\" alt=\"\" width=\"300\" height=\"125\" srcset=\"https:\/\/ampid.org.br\/site2020\/wp-content\/uploads\/2020\/07\/preo-300x125.jpg 300w, https:\/\/ampid.org.br\/site2020\/wp-content\/uploads\/2020\/07\/preo-1024x427.jpg 1024w, https:\/\/ampid.org.br\/site2020\/wp-content\/uploads\/2020\/07\/preo.jpg 1920w\" sizes=\"auto, (max-width: 300px) 100vw, 300px\" \/><\/p>\n<p style=\"text-align: left;\"><strong>NOTA DE PREOCUPA\u00c7\u00c3O DIRIGIDA AO CONSELHO NACIONAL DE JUSTI\u00c7A DIANTE DA OMISS\u00c3O DE PREVIS\u00c3O DE RESERVA PARA PESSOAS COM DEFICI\u00caNCIA NO EXAME NACIONAL MAGISTRATURA \u2013 RESOLU\u00c7\u00c3O CNJ n\u00ba 531\/2023<\/strong><\/p>\n<p style=\"text-align: left;\" align=\"justify\">A <strong>Associa\u00e7\u00e3o Nacional dos Membros do Minist\u00e9rio P\u00fablico de Defesa dos Direitos das Pessoas com Defici\u00eancia e Idosos (AMPID)<\/strong> toma ci\u00eancia da Resolu\u00e7\u00e3o CNJ n\u00ba 531\/2023 e se preocupa com a omiss\u00e3o da previs\u00e3o de reserva para candidatos e candidatas com defici\u00eancia no exame nacional da magistratura, rec\u00e9m instituido pela resolu\u00e7\u00e3o CNJ n\u00ba 531\/2023 que altera o artigo 4\u00ba da Resolu\u00e7\u00e3o CNJ n\u00ba 75\/2009.<\/p>\n<p style=\"text-align: left;\" align=\"justify\">\nO exame nacional da magistratura tem car\u00e1ter de habilita\u00e7\u00e3o nacional e \u00e9 pr\u00e9-requisito para inscri\u00e7\u00e3o nos concursos da magistratura. Portanto, \u00e9 uma etapa e passa a integrar os concursos p\u00fablicos para a magistratura.<\/p>\n<p style=\"text-align: left;\" align=\"justify\">\nDa resolu\u00e7\u00e3o, no entanto, consta apenas a previs\u00e3o de reserva para pessoas negras e ind\u00edgenas, sem qualquer indica\u00e7\u00e3o de pessoas com defici\u00eancia: Art. 4\u00ba-A (Resolu\u00e7\u00e3o CNJ n\u00ba 75\/2009) \u00a7 4\u00ba O Exame Nacional da Magistratura tem car\u00e1ter apenas eliminat\u00f3rio, n\u00e3o classificat\u00f3rio, sendo considerados aprovados todos os candidatos em ampla concorr\u00eancia que obtiverem ao menos 70% de acertos na prova objetiva, ou, no caso de candidatos autodeclarados negros ou ind\u00edgenas, ao menos 50% de acertos. \u00a7 5\u00ba Os candidatos inscritos como negros ou ind\u00edgenas devem ter sua op\u00e7\u00e3o de concorr\u00eancia validada pela comiss\u00e3o de heteroidentifica\u00e7\u00e3o do tribunal de justi\u00e7a do estado de seu domic\u00edlio, institu\u00edda na forma da Resolu\u00e7\u00e3o CNJ n\u00ba 203\/2015, antes da realiza\u00e7\u00e3o da prova, nos termos e prazos previstos no edital do Exame Nacional da Magistratura, sob pena de participarem em regime de ampla concorr\u00eancia.<\/p>\n<p style=\"text-align: left;\" align=\"justify\">\nEmbora se possa encarar como mera omiss\u00e3o ou erro de edi\u00e7\u00e3o da nova regra, evoque-se que a reserva de vagas para pessoas com defici\u00eancia em concurso p\u00fablico tem car\u00e1ter constitucional (artigo 37, inciso VIII da Constitui\u00e7\u00e3o da Rep\u00fablica) e a Conven\u00e7\u00e3o sobre os Direitos das Pessoas com Defici\u00eancia, norma de natureza constituicional (Decreto 6.949\/2009), pro\u00edbe a discrimina\u00e7\u00e3o baseada na defici\u00eancia em rela\u00e7\u00f5es de emprego, inclu\u00eddas as condi\u00e7\u00f5es de recrutamento, contrata\u00e7\u00e3o e admiss\u00e3o (Artigo 27, par\u00e1grafo 1\u00ba, al\u00ednea a).<\/p>\n<p style=\"text-align: left;\" align=\"justify\">\nA AMPID espera sejam procedidas as altera\u00e7\u00f5es com a previs\u00e3o de reserva para pessoas com defici\u00eancia no exame nacional da magistratura. Bras\u00edlia, 16 de novembro de 2023.<\/p>\n<p style=\"text-align: left;\" align=\"justify\">\nSandra Lucia Garcia Massoud \u2013 Presidenta<br \/>\nMaria Aparecida Gugel \u2013 Conselho Cient\u00edfico<\/p>\n<p><span style=\"font-family: Arial, sans-serif;\"><span style=\"font-size: medium;\">Para acessar a nota em PDF, clique <a href=\"http:\/\/ampid.org.br\/site2020\/wp-content\/uploads\/2023\/11\/NotaPublica_ResoluA\u0303\u00a7aoCNJfaltaReserva_2023.pdf\">aqui<\/a><\/span><\/span><\/p>\n","protected":false},"excerpt":{"rendered":"<p>NOTA DE PREOCUPA\u00c7\u00c3O DIRIGIDA AO CONSELHO NACIONAL DE JUSTI\u00c7A DIANTE DA OMISS\u00c3O DE PREVIS\u00c3O DE RESERVA PARA PESSOAS COM DEFICI\u00caNCIA NO EXAME NACIONAL MAGISTRATURA \u2013 RESOLU\u00c7\u00c3O CNJ n\u00ba 531\/2023 A Associa\u00e7\u00e3o Nacional dos Membros do Minist\u00e9rio P\u00fablico de Defesa dos Direitos das Pessoas com Defici\u00eancia e Idosos (AMPID) toma ci\u00eancia da Resolu\u00e7\u00e3o CNJ n\u00ba 531\/2023&#8230;<\/p>\n","protected":false},"author":2,"featured_media":9665,"comment_status":"open","ping_status":"open","sticky":false,"template":"","format":"standard","meta":{"_acf_changed":false,"inline_featured_image":false,"footnotes":""},"categories":[175,22,31,32],"tags":[154,25,187,42,35,90],"class_list":["post-11298","post","type-post","status-publish","format-standard","has-post-thumbnail","hentry","category-175","category-notas","category-pessoas-com-deficiencia","category-publicacoes-em-destaque","tag-154","tag-ampid","tag-ibge-2022","tag-idosos-2","tag-pessoas-com-deficiencia-2","tag-pessoas-idosas"],"acf":[],"_links":{"self":[{"href":"https:\/\/ampid.org.br\/site2020\/index.php?rest_route=\/wp\/v2\/posts\/11298","targetHints":{"allow":["GET"]}}],"collection":[{"href":"https:\/\/ampid.org.br\/site2020\/index.php?rest_route=\/wp\/v2\/posts"}],"about":[{"href":"https:\/\/ampid.org.br\/site2020\/index.php?rest_route=\/wp\/v2\/types\/post"}],"author":[{"embeddable":true,"href":"https:\/\/ampid.org.br\/site2020\/index.php?rest_route=\/wp\/v2\/users\/2"}],"replies":[{"embeddable":true,"href":"https:\/\/ampid.org.br\/site2020\/index.php?rest_route=%2Fwp%2Fv2%2Fcomments&post=11298"}],"version-history":[{"count":1,"href":"https:\/\/ampid.org.br\/site2020\/index.php?rest_route=\/wp\/v2\/posts\/11298\/revisions"}],"predecessor-version":[{"id":11300,"href":"https:\/\/ampid.org.br\/site2020\/index.php?rest_route=\/wp\/v2\/posts\/11298\/revisions\/11300"}],"wp:featuredmedia":[{"embeddable":true,"href":"https:\/\/ampid.org.br\/site2020\/index.php?rest_route=\/wp\/v2\/media\/9665"}],"wp:attachment":[{"href":"https:\/\/ampid.org.br\/site2020\/index.php?rest_route=%2Fwp%2Fv2%2Fmedia&parent=11298"}],"wp:term":[{"taxonomy":"category","embeddable":true,"href":"https:\/\/ampid.org.br\/site2020\/index.php?rest_route=%2Fwp%2Fv2%2Fcategories&post=11298"},{"taxonomy":"post_tag","embeddable":true,"href":"https:\/\/ampid.org.br\/site2020\/index.php?rest_route=%2Fwp%2Fv2%2Ftags&post=11298"}],"curies":[{"name":"wp","href":"https:\/\/api.w.org\/{rel}","templated":true}]}}