{"id":11162,"date":"2023-07-20T11:16:51","date_gmt":"2023-07-20T14:16:51","guid":{"rendered":"http:\/\/ampid.org.br\/site2020\/?p=11162"},"modified":"2023-07-20T11:16:56","modified_gmt":"2023-07-20T14:16:56","slug":"brasil-tem-cerca-de-19-milhoes-de-pessoas-com-deficiencia-acima-de-2-anos","status":"publish","type":"post","link":"https:\/\/ampid.org.br\/site2020\/?p=11162","title":{"rendered":"Brasil tem cerca de 19 milh\u00f5es de pessoas com defici\u00eancia acima\u00a0de\u00a02\u00a0anos"},"content":{"rendered":"<p><img loading=\"lazy\" decoding=\"async\" class=\"alignnone size-medium wp-image-11163\" src=\"http:\/\/ampid.org.br\/site2020\/wp-content\/uploads\/2023\/07\/Sem-t\u00edtulo-300x200.jpg\" alt=\"\" width=\"300\" height=\"200\" srcset=\"https:\/\/ampid.org.br\/site2020\/wp-content\/uploads\/2023\/07\/Sem-t\u00edtulo-300x200.jpg 300w, https:\/\/ampid.org.br\/site2020\/wp-content\/uploads\/2023\/07\/Sem-t\u00edtulo-1024x683.jpg 1024w, https:\/\/ampid.org.br\/site2020\/wp-content\/uploads\/2023\/07\/Sem-t\u00edtulo.jpg 1129w\" sizes=\"auto, (max-width: 300px) 100vw, 300px\" \/><\/p>\n<p><strong>Brasil tem cerca de 19 milh\u00f5es de pessoas com defici\u00eancia acima\u00a0de\u00a02\u00a0anos<\/strong><\/p>\n<p>Os dados da Pesquisa Nacional por Amostra de Domic\u00edlios Cont\u00ednua (PNAD 2022) s\u00e3o importantes para a\u00e7\u00f5es de \u00f3rg\u00e3os de fiscaliza\u00e7\u00e3o e pol\u00edticas p\u00fablicas pois revelam o retrato social, educacional e de trabalho\/ocupa\u00e7\u00f5es no mundo do trabalho em rela\u00e7\u00e3o as pessoas com defici\u00eancia.<\/p>\n<p>A pesquisa \u00e9 feita no pa\u00eds a partir de uma amostra com mais de 210 mil domic\u00edlios, distribu\u00eddos por cerca de 3.500 munic\u00edpios.<\/p>\n<p>Atualmente o Brasil tem 19 milh\u00f5es de pessoas com defici\u00eancia acima de dois anos.<\/p>\n<p>Confira os dados <a href=\"http:\/\/ampid.org.br\/site2020\/wp-content\/uploads\/2023\/07\/Divulgac\u0327a\u0303o-Pessoas-com-Deficie\u0302ncia-PNAD-Conti\u0301nua-Divulgac\u0327a\u0303o_070723_v3.1.pdf\">aqui<\/a><\/p>\n","protected":false},"excerpt":{"rendered":"<p>Brasil tem cerca de 19 milh\u00f5es de pessoas com defici\u00eancia acima\u00a0de\u00a02\u00a0anos Os dados da Pesquisa Nacional por Amostra de Domic\u00edlios Cont\u00ednua (PNAD 2022) s\u00e3o importantes para a\u00e7\u00f5es de \u00f3rg\u00e3os de fiscaliza\u00e7\u00e3o e pol\u00edticas p\u00fablicas pois revelam o retrato social, educacional e de trabalho\/ocupa\u00e7\u00f5es no mundo do trabalho em rela\u00e7\u00e3o as pessoas com defici\u00eancia. A pesquisa&#8230;<\/p>\n","protected":false},"author":2,"featured_media":11167,"comment_status":"open","ping_status":"open","sticky":false,"template":"","format":"standard","meta":{"_acf_changed":false,"inline_featured_image":false,"footnotes":""},"categories":[175,31,32],"tags":[154,25,35,184],"class_list":["post-11162","post","type-post","status-publish","format-standard","has-post-thumbnail","hentry","category-175","category-pessoas-com-deficiencia","category-publicacoes-em-destaque","tag-154","tag-ampid","tag-pessoas-com-deficiencia-2","tag-pnad"],"acf":[],"_links":{"self":[{"href":"https:\/\/ampid.org.br\/site2020\/index.php?rest_route=\/wp\/v2\/posts\/11162","targetHints":{"allow":["GET"]}}],"collection":[{"href":"https:\/\/ampid.org.br\/site2020\/index.php?rest_route=\/wp\/v2\/posts"}],"about":[{"href":"https:\/\/ampid.org.br\/site2020\/index.php?rest_route=\/wp\/v2\/types\/post"}],"author":[{"embeddable":true,"href":"https:\/\/ampid.org.br\/site2020\/index.php?rest_route=\/wp\/v2\/users\/2"}],"replies":[{"embeddable":true,"href":"https:\/\/ampid.org.br\/site2020\/index.php?rest_route=%2Fwp%2Fv2%2Fcomments&post=11162"}],"version-history":[{"count":3,"href":"https:\/\/ampid.org.br\/site2020\/index.php?rest_route=\/wp\/v2\/posts\/11162\/revisions"}],"predecessor-version":[{"id":11168,"href":"https:\/\/ampid.org.br\/site2020\/index.php?rest_route=\/wp\/v2\/posts\/11162\/revisions\/11168"}],"wp:featuredmedia":[{"embeddable":true,"href":"https:\/\/ampid.org.br\/site2020\/index.php?rest_route=\/wp\/v2\/media\/11167"}],"wp:attachment":[{"href":"https:\/\/ampid.org.br\/site2020\/index.php?rest_route=%2Fwp%2Fv2%2Fmedia&parent=11162"}],"wp:term":[{"taxonomy":"category","embeddable":true,"href":"https:\/\/ampid.org.br\/site2020\/index.php?rest_route=%2Fwp%2Fv2%2Fcategories&post=11162"},{"taxonomy":"post_tag","embeddable":true,"href":"https:\/\/ampid.org.br\/site2020\/index.php?rest_route=%2Fwp%2Fv2%2Ftags&post=11162"}],"curies":[{"name":"wp","href":"https:\/\/api.w.org\/{rel}","templated":true}]}}