{"id":10610,"date":"2022-04-08T23:37:01","date_gmt":"2022-04-09T02:37:01","guid":{"rendered":"http:\/\/ampid.org.br\/site2020\/?p=10610"},"modified":"2022-04-08T23:37:37","modified_gmt":"2022-04-09T02:37:37","slug":"nota-publica-sobre-o-projeto-de-lei-n-6-461-2022-que-trata-do-estatuto-do-aprendiz-2","status":"publish","type":"post","link":"https:\/\/ampid.org.br\/site2020\/?p=10610","title":{"rendered":"Nota P\u00fablica sobre o Projeto de Lei n\u00b0 6.461\/2022 que trata do &#8220;Estatuto do Aprendiz&#8221;"},"content":{"rendered":"<p>&nbsp;<\/p>\n<p><img loading=\"lazy\" decoding=\"async\" class=\"alignnone size-medium wp-image-9668\" src=\"http:\/\/ampid.org.br\/site2020\/wp-content\/uploads\/2020\/07\/pub-1-300x125.jpg\" alt=\"\" width=\"300\" height=\"125\" srcset=\"https:\/\/ampid.org.br\/site2020\/wp-content\/uploads\/2020\/07\/pub-1-300x125.jpg 300w, https:\/\/ampid.org.br\/site2020\/wp-content\/uploads\/2020\/07\/pub-1-1024x427.jpg 1024w, https:\/\/ampid.org.br\/site2020\/wp-content\/uploads\/2020\/07\/pub-1.jpg 1920w\" sizes=\"auto, (max-width: 300px) 100vw, 300px\" \/><\/p>\n<p><img loading=\"lazy\" decoding=\"async\" class=\"alignnone wp-image-10450\" src=\"http:\/\/ampid.org.br\/site2020\/wp-content\/uploads\/2021\/12\/logocompleto_ampid_h_fundoclaro-1-300x122.png\" alt=\"\" width=\"304\" height=\"124\" srcset=\"https:\/\/ampid.org.br\/site2020\/wp-content\/uploads\/2021\/12\/logocompleto_ampid_h_fundoclaro-1-300x122.png 300w, https:\/\/ampid.org.br\/site2020\/wp-content\/uploads\/2021\/12\/logocompleto_ampid_h_fundoclaro-1-1024x415.png 1024w\" sizes=\"auto, (max-width: 304px) 100vw, 304px\" \/><\/p>\n<p>08 abril de 2022<\/p>\n<p><strong>NOTA P\u00daBLICA SOBRE O PROJETO DE LEI N\u00b0 6.461\/2022 QUE TRATA DO \u201cESTATUTO DO APRENDIZ\u201d<\/strong><\/p>\n<p><strong>A Associa\u00e7\u00e3o Nacional dos Membros do Minist\u00e9rio P\u00fablico de Defesa dos Direitos das Pessoas com Defici\u00eancia e Idosos \u2013 AMPID<\/strong> vem a p\u00fablico se posicionar sobre o Projeto de Lei n\u00b0 6.461\/2022 que prop\u00f5e o \u201cEstatuto do Aprendiz\u201d estabelecendo regras para regular o cumprimento da cota de aprendizagem profissional, \u201cdeveres e obriga\u00e7\u00f5es dos respectivos estabelecimentos cumpridores de cota e entidades formadoras\u201d e \u201cdireitos e garantias\u201d dos aprendizes. A proposta legislativa altera a Consolida\u00e7\u00e3o das Leis do Trabalho (CLT) revogando os artigos 428, 429, 430, 431, 432 e 433.<\/p>\n<p><strong>Senhoras e Senhores Parlamentares<\/strong>,<\/p>\n<p>As proposi\u00e7\u00f5es do PL 6461\/2019 para o contrato de aprendizagem que envolvem diretamente as pessoas com defici\u00eancia s\u00e3o socialmente equivocadas e juridicamente contr\u00e1rias \u00e0 CONSTITUI\u00c7\u00c3O DA REP\u00daBLICA, \u00e0 CONVEN\u00c7\u00c3O SOBRE OS DIREITOS DAS PESSOAS COM DEFICI\u00caNCIA (CDPD &#8211; Decreto n\u00b0 6949\/2009) e \u00e0 LEI BRASILEIRA DE INCLUS\u00c3O DA PESSOA COM DEFICI\u00caNCIA (LBI &#8211; Lei n\u00b0 13.146\/2015).<\/p>\n<p>A CDPD quando trata do trabalho e emprego enfatiza o direito das pessoas com defici\u00eancia em igualdade de oportunidades com as demais pessoas, inclusive ao acesso \u00e0 habilita\u00e7\u00e3o profissional (Artigo 26, item 1), aos programas de orienta\u00e7\u00e3o profissional e \u00e0 aquisi\u00e7\u00e3o de experi\u00eancia de trabalho (Artigo 27, letras d, j), salientando que os ambientes de trabalho devem ser inclusivos, acess\u00edveis e com a garantia de fornecimento de recursos de tecnologia assistiva e adapta\u00e7\u00e3o razo\u00e1vel para cada caso (Artigo 27, letra i da CDPD e 34 da LBI). <u>Todos esses direitos se aplicam \u00e0s pessoas com defici\u00eancia aprendizes<\/u>.<\/p>\n<p>H\u00e1 quest\u00f5es fundamentais tratadas no PL 6461\/2019 que consideramos como retrocesso para pessoas com defici\u00eancia na condi\u00e7\u00e3o de aprendiz pois ferem diretamente o compromisso assumido pelo Brasil de preserva\u00e7\u00e3o do princ\u00edpio da progressividade do direito, tal como preveem o \u00a0PACTO INTERNACIONAL SOBRE DIREITOS ECON\u00d4MICOS, SOCIAIS E CULTURAIS (ONU, Decreto n\u00b0 591, 6\/julho\/1992) e o PROTOCOLO ADICIONAL \u00c0 CONVEN\u00c7\u00c3O AMERICANA SOBRE DIREITOS HUMANOS EM MAT\u00c9RIA DE DIREITOS ECON\u00d4MICOS, SOCIAIS E CULTURAIS &#8220;PROTOCOLO DE S\u00c3O SALVADOR\u201c (OEA, Decreto 3.321, 30\/dezembro\/1999).<\/p>\n<p>Assim, a AMPID se manifesta quanto a:<\/p>\n<ol>\n<li><strong>Total \u00e0 aus\u00eancia de previs\u00e3o de crit\u00e9rios de acessibilidade, fornecimento de tecnologia assistiva e adapta\u00e7\u00e3o razo\u00e1vel para pessoa com defici\u00eancia aprendiz<\/strong><\/li>\n<\/ol>\n<p>Ao longo do texto da proposta do PL 6461\/2019 h\u00e1 total despreocupa\u00e7\u00e3o com a previs\u00e3o de comandos que obriguem a utiliza\u00e7\u00e3o de <u>requisitos de acessibilidade e de adapta\u00e7\u00e3o razo\u00e1vel, quando necess\u00e1ria para cada aprendiz com defici\u00eancia<\/u>, tal como consta da Lei Brasileira de Inclus\u00e3o da Pessoa com Defici\u00eancia (Lei n\u00b0 13.146\/2015) com suas previs\u00f5es para a educa\u00e7\u00e3o e para o trabalho, de forma a dar condi\u00e7\u00f5es de a pessoa com defici\u00eancia utilizar os espa\u00e7os e participar plenamente desses aspectos (educa\u00e7\u00e3o &#8211; forma\u00e7\u00e3o profissional \u2013 trabalho) de forma segura, aut\u00f4noma e independente e em igualdade oportunidades e condi\u00e7\u00f5es acess\u00edveis com as demais pessoas.<\/p>\n<ol start=\"2\">\n<li><strong>\u00c9 obrigat\u00f3ria a participa\u00e7\u00e3o das pessoas com defici\u00eancia e suas organiza\u00e7\u00f5es representativas para o processo de discuss\u00e3o do estatuto da aprendizagem<\/strong><\/li>\n<\/ol>\n<p>Nosso ordenamento jur\u00eddico incorporou a CDPD, ratificada com status de emenda constitucional, que obriga o Estado brasileiro, quando da elabora\u00e7\u00e3o ou implementa\u00e7\u00e3o de legisla\u00e7\u00e3o e pol\u00edticas, \u00e0 constru\u00e7\u00e3o progressiva de direitos das pessoas com defici\u00eancia com a sua efetiva participa\u00e7\u00e3o. \u00c9 o que consta do Artigo 4, item 3 da CDPD que trata das obriga\u00e7\u00f5es do Estado Parte. Portanto, as pessoas com defici\u00eancia e suas organiza\u00e7\u00f5es representativas devem ser obrigatoriamente ouvidas nesse processo legislativo de constru\u00e7\u00e3o do estatuto da aprendizagem.<\/p>\n<ol start=\"3\">\n<li><strong>Quanto ao prazo do contrato de aprendizagem para pessoas com defici\u00eancia aprendiz<\/strong><\/li>\n<\/ol>\n<p><strong>PL 6461\/2019<\/strong><\/p>\n<p><strong>Art. 13.<\/strong> O contrato de aprendizagem profissional n\u00e3o poder\u00e1 ser estipulado por<\/p>\n<p>mais de <strong><u>03 (tr\u00eas) anos, exceto:<\/u><\/strong><\/p>\n<p><strong><u>I \u2013 quando se tratar de pessoa com defici\u00eancia que \u00e9 contratada como aprendiz;<\/u><\/strong><\/p>\n<p>II \u2013 quando o aprendiz for contratado com idade entre 14 (quatorze) e 15 (quinze) anos incompletos, caso em que poder\u00e1 ter seu contrato prorrogado pelo tempo faltante at\u00e9 completar 18 (dezoito) anos de idade, mediante aditivo contratual e anota\u00e7\u00e3o na Carteira de Trabalho e Previd\u00eancia Social \u2013 CTPS.<\/p>\n<p>O contrato de aprendizagem para a pessoa com defici\u00eancia \u00e9 um meio de forma\u00e7\u00e3o\/habilita\u00e7\u00e3o profissional para atingir a inclus\u00e3o efetiva no mundo do trabalho em futuras coloca\u00e7\u00f5es competitivas.<\/p>\n<p>O contrato de aprendizagem n\u00e3o \u00e9 um fim em si mesmo. Portanto, aumentar o per\u00edodo de tempo de 2 para 3 anos, sem prazo para pessoa com defici\u00eancia, \u00e9 privar as empresas da presen\u00e7a de pessoas com e sem defici\u00eancia com direito \u00e0 aprendizagem; \u00e9 privar nos ambientes de trabalho a altern\u00e2ncia da diversidade humana das defici\u00eancias (f\u00edsica, sensorial, mental e intelectual), \u00e9 em \u00faltima an\u00e1lise, inibir o direito de escolha da pr\u00f3pria pessoa com defici\u00eancia em vivenciar outras possibilidades e modalidades de profissionaliza\u00e7\u00e3o em diferentes empresas.<\/p>\n<p>Assim, deve ser mantida a regra j\u00e1 existente de 2 anos para o contrato de aprendizagem, cuja natureza especial deve permanecer no \u00e2mbito das rela\u00e7\u00f5es de trabalho conforme consta da Consolida\u00e7\u00e3o das Leis do Trabalho (CLT). Alterar essa mat\u00e9ria \u00e9 retroceder em direito j\u00e1 conquistado por pessoas com defici\u00eancia.<\/p>\n<p>Adote-se, pois, a emenda supressiva apresentada pela Exma. Deputada Professora Dorinha Seabra Rezende (EMC 5 PL646119).<\/p>\n<ol start=\"4\">\n<li><strong>Quanto \u00e0 n\u00e3o exig\u00eancia de frequ\u00eancia obrigat\u00f3ria de pessoa com defici\u00eancia aprendiz \u00e0 escola regular<\/strong><\/li>\n<\/ol>\n<p>Art. 17. A comprova\u00e7\u00e3o da escolaridade da pessoa com defici\u00eancia que \u00e9 contratada como aprendiz dever\u00e1 considerar, sobretudo, as habilidades e as compet\u00eancias relacionadas com a profissionaliza\u00e7\u00e3o.<\/p>\n<ul>\n<li>\u00a7 1\u00ba Para a pessoa com defici\u00eancia que \u00e9 contratada como aprendiz a validade do contrato de aprendizagem pressup\u00f5e anota\u00e7\u00e3o na Carteira de Trabalho e Previd\u00eancia Social \u2013 CTPS e inscri\u00e7\u00e3o em programa de aprendizagem desenvolvido sob orienta\u00e7\u00e3o de entidade qualificada em forma\u00e7\u00e3o t\u00e9cnico-profissional met\u00f3dica.<\/li>\n<li><strong><u> \u00a7 2\u00ba Para a pessoa com defici\u00eancia que \u00e9 contratada como aprendiz n\u00e3o ser\u00e1 obrigat\u00f3ria a frequ\u00eancia \u00e0 escola regular.<\/u><\/strong><\/li>\n<\/ul>\n<p>&nbsp;<\/p>\n<p>A previs\u00e3o de proposta para o \u00a7 2\u00ba do artigo 17 <strong><u>confronta-se<\/u><\/strong> com a Constitui\u00e7\u00e3o da Rep\u00fablica e a Conven\u00e7\u00e3o sobre os Direitos das Pessoas com Defici\u00eancia que em todas as a\u00e7\u00f5es relativas \u00e0 crian\u00e7as e adolescentes determina seja obrigatoriamente observado o seu interesse, devendo o Estado e a sociedade consider\u00e1-las primordialmente.<\/p>\n<p>A educa\u00e7\u00e3o \u00e9 um direito social a ser garantido pelo Estado (artigo 6\u00ba da Constitui\u00e7\u00e3o da Rep\u00fablica), pois \u00e9 direito de todos(as). \u00c9 dever do Estado e da fam\u00edlia e deve ser promovida e incentivada com a colabora\u00e7\u00e3o da sociedade, visando ao pleno desenvolvimento da pessoa, seu preparo para o exerc\u00edcio da cidadania e sua qualifica\u00e7\u00e3o para o trabalho. \u00c9 o que consta do artigo 205, refor\u00e7ado no artigo 227 da Constitui\u00e7\u00e3o da Rep\u00fablica. Portanto, qualquer regra que venha desvirtuar esses comandos \u2013 como est\u00e1 concebida a proposta do \u00a7 2\u00ba do artigo 17 &#8211; \u00e9 inconstitucional.<\/p>\n<p>\u00c9 sempre bom relembrar que o Brasil vem, ao longo de mais de uma d\u00e9cada, implementando a educa\u00e7\u00e3o inclusiva das pessoas com defici\u00eancia justamente para valorizar o pleno desenvolvimento do potencial humano, da dignidade e autoestima de crian\u00e7as e adolescentes com defici\u00eancia. Com essa pr\u00e1tica de crian\u00e7as e adolescentes em escolas regulares, eliminam-se as concep\u00e7\u00f5es de que pessoa com defici\u00eancia deve ter uma educa\u00e7\u00e3o apartada das demais crian\u00e7as e adolescentes e com isso eliminam-se os preconceitos e os estere\u00f3tipos entre as gera\u00e7\u00f5es de pessoas com e sem defici\u00eancia. Com isso se conscientiza e se edifica uma sociedade baseada em respeito pelos direitos das pessoas com defici\u00eancia.<\/p>\n<p>A aprendizagem \u00e9 a mola propulsora para a efetiva e futura inclus\u00e3o de pessoas com defici\u00eancia em ambientes de trabalho acess\u00edveis e inclusivos. Assim, essa proposi\u00e7\u00e3o n\u00e3o obrigatoriedade e frequ\u00eancia \u00e0 escola regular <u>deve ser exclu\u00edda<\/u>.<\/p>\n<p>Registre-se, por fim, que para as pessoas com defici\u00eancia na condi\u00e7\u00e3o de aprendiz dever\u00e3o ser observados os seguintes pressupostos que visam, sobretudo, recuperar eventual falta de educa\u00e7\u00e3o regular na perspectiva da educa\u00e7\u00e3o inclusiva:<\/p>\n<p><strong>A &#8211;<\/strong> Para fins do contrato de aprendizagem, a comprova\u00e7\u00e3o da escolaridade de pessoa com defici\u00eancia aprendiz deve considerar as habilidades e compet\u00eancias relacionadas com a profissionaliza\u00e7\u00e3o.<\/p>\n<p><strong>B-<\/strong> Para a validade do contrato de aprendizagem, al\u00e9m da anota\u00e7\u00e3o da carteira de trabalho, \u00e9 necess\u00e1ria a matr\u00edcula e a frequ\u00eancia da pessoa com defici\u00eancia aprendiz na escola.<\/p>\n<p><strong>C &#8211; <\/strong>Para a pessoa com defici\u00eancia aprendiz com 18 anos ou mais, al\u00e9m da anota\u00e7\u00e3o da carteira de trabalho, \u00e9 necess\u00e1ria a matricula e frequ\u00eancia em programa de aprendizagem desenvolvido sob orienta\u00e7\u00e3o de entidade qualificada em forma\u00e7\u00e3o t\u00e9cnico profissional met\u00f3dica.<\/p>\n<p>A AMPID solicita pois pela participa\u00e7\u00e3o de pessoas com defici\u00eancia e suas organiza\u00e7\u00f5es representativas nas discuss\u00f5es despe projeto de lei, tendo-se aten\u00e7\u00e3o redobrada para n\u00e3o criar novos direitos que alteram direitos conquistados das pessoas com defici\u00eancia na condi\u00e7\u00e3o de aprendiz e que ferem a Constitui\u00e7\u00e3o da Rep\u00fablica e a Conven\u00e7\u00e3o sobre os Direitos das Pessoas com Defici\u00eancia.<\/p>\n<p>&nbsp;<\/p>\n<p>Bras\u00edlia, 08 de abril de 2022.<\/p>\n<p><strong>Cristiane Lucas Branquinho \u2013 Presidenta<\/strong><\/p>\n<p><strong>Maria Aparecida Gugel \u2013 Conselho Cient\u00edfico<\/strong><\/p>\n<p>&nbsp;<\/p>\n<p>Para acessar esta Nota em PDF, clique aqui: <a href=\"http:\/\/ampid.org.br\/site2020\/wp-content\/uploads\/2022\/04\/NotaPublica_PL6461_EstatutoAprendizagem_2022-1.pdf\">NotaPublica_PL6461_EstatutoAprendizagem_2022 (1)<\/a><\/p>\n","protected":false},"excerpt":{"rendered":"<p>&nbsp; 08 abril de 2022 NOTA P\u00daBLICA SOBRE O PROJETO DE LEI N\u00b0 6.461\/2022 QUE TRATA DO \u201cESTATUTO DO APRENDIZ\u201d A Associa\u00e7\u00e3o Nacional dos Membros do Minist\u00e9rio P\u00fablico de Defesa dos Direitos das Pessoas com Defici\u00eancia e Idosos \u2013 AMPID vem a p\u00fablico se posicionar sobre o Projeto de Lei n\u00b0 6.461\/2022 que prop\u00f5e o&#8230;<\/p>\n","protected":false},"author":2,"featured_media":9668,"comment_status":"open","ping_status":"open","sticky":false,"template":"","format":"standard","meta":{"_acf_changed":false,"inline_featured_image":false,"footnotes":""},"categories":[22,31,32],"tags":[138,25,34,35],"class_list":["post-10610","post","type-post","status-publish","format-standard","has-post-thumbnail","hentry","category-notas","category-pessoas-com-deficiencia","category-publicacoes-em-destaque","tag-138","tag-ampid","tag-notas","tag-pessoas-com-deficiencia-2"],"acf":[],"_links":{"self":[{"href":"https:\/\/ampid.org.br\/site2020\/index.php?rest_route=\/wp\/v2\/posts\/10610","targetHints":{"allow":["GET"]}}],"collection":[{"href":"https:\/\/ampid.org.br\/site2020\/index.php?rest_route=\/wp\/v2\/posts"}],"about":[{"href":"https:\/\/ampid.org.br\/site2020\/index.php?rest_route=\/wp\/v2\/types\/post"}],"author":[{"embeddable":true,"href":"https:\/\/ampid.org.br\/site2020\/index.php?rest_route=\/wp\/v2\/users\/2"}],"replies":[{"embeddable":true,"href":"https:\/\/ampid.org.br\/site2020\/index.php?rest_route=%2Fwp%2Fv2%2Fcomments&post=10610"}],"version-history":[{"count":2,"href":"https:\/\/ampid.org.br\/site2020\/index.php?rest_route=\/wp\/v2\/posts\/10610\/revisions"}],"predecessor-version":[{"id":10612,"href":"https:\/\/ampid.org.br\/site2020\/index.php?rest_route=\/wp\/v2\/posts\/10610\/revisions\/10612"}],"wp:featuredmedia":[{"embeddable":true,"href":"https:\/\/ampid.org.br\/site2020\/index.php?rest_route=\/wp\/v2\/media\/9668"}],"wp:attachment":[{"href":"https:\/\/ampid.org.br\/site2020\/index.php?rest_route=%2Fwp%2Fv2%2Fmedia&parent=10610"}],"wp:term":[{"taxonomy":"category","embeddable":true,"href":"https:\/\/ampid.org.br\/site2020\/index.php?rest_route=%2Fwp%2Fv2%2Fcategories&post=10610"},{"taxonomy":"post_tag","embeddable":true,"href":"https:\/\/ampid.org.br\/site2020\/index.php?rest_route=%2Fwp%2Fv2%2Ftags&post=10610"}],"curies":[{"name":"wp","href":"https:\/\/api.w.org\/{rel}","templated":true}]}}