{"id":10119,"date":"2021-05-08T19:15:02","date_gmt":"2021-05-08T22:15:02","guid":{"rendered":"http:\/\/ampid.org.br\/site2020\/?p=10119"},"modified":"2022-03-01T00:00:25","modified_gmt":"2022-03-01T03:00:25","slug":"repudio-a-operacao-policial-no-jacarezinho-rj","status":"publish","type":"post","link":"https:\/\/ampid.org.br\/site2020\/?p=10119","title":{"rendered":"Rep\u00fadio a opera\u00e7\u00e3o policial no Jacarezinho\/RJ"},"content":{"rendered":"<p><img loading=\"lazy\" decoding=\"async\" class=\"alignnone wp-image-10132\" src=\"http:\/\/ampid.org.br\/site2020\/wp-content\/uploads\/2021\/05\/Sem-t\u00edtulo-5-300x211.png\" alt=\"\" width=\"389\" height=\"274\" srcset=\"https:\/\/ampid.org.br\/site2020\/wp-content\/uploads\/2021\/05\/Sem-t\u00edtulo-5-300x211.png 300w, https:\/\/ampid.org.br\/site2020\/wp-content\/uploads\/2021\/05\/Sem-t\u00edtulo-5.png 552w\" sizes=\"auto, (max-width: 389px) 100vw, 389px\" \/><\/p>\n<p><strong>08 de maio 2021<\/strong><\/p>\n<p><strong>A AMPID se junta ao Programa de P\u00f3s-Gradua\u00e7\u00e3o em Sociologia e Direito da Universidade Federal Fluminense- UFF em profundo rep\u00fadio a opera\u00e7\u00e3o policial que levou as mortes de pessoas humanas do Jacarezinho\/RJ.<\/strong><\/p>\n<p>Lembramos que expectativa de vida no Brasil n\u00e3o \u00e9 maior por conta dessa viol\u00eancia urbana que ceifa vidas.<\/p>\n<p>O PPGSD vem a p\u00fablico expressar, por meio desta nota, nosso mais profundo rep\u00fadio \u00e0 brutal opera\u00e7\u00e3o policial realizada ontem (quinta-feira, dia 6\/5\/2021) no Jacarezinho. Um desastre operacional das for\u00e7as policiais, absolutamente mal explicado, foi respons\u00e1vel por 25 mortes, sendo esse<br \/>\nn\u00famero ainda provis\u00f3rio, tendo em vista n\u00e3o termos, at\u00e9 o momento, uma informa\u00e7\u00e3o definitiva sobre as mortes decorrentes dessa atrocidade.<\/p>\n<p>Configura-se como a mais letal opera\u00e7\u00e3o oficial da hist\u00f3ria do estado do Rio de Janeiro realizada por aqueles que representam e agem enquanto for\u00e7as policiais.<\/p>\n<p>Num contexto em que temos a decis\u00e3o do STF restringindo as opera\u00e7\u00f5es em favelas e periferias durante a pandemia, essa opera\u00e7\u00e3o b\u00e1rbara soa como um verdadeiro acinte. Exigimos o fim desse projeto de genoc\u00eddio estrutural (cuja opera\u00e7\u00e3o realizada ontem \u00e9 uma das muitas ilustra\u00e7\u00f5es)<br \/>\ncontra os moradores de favelas e periferias, bem como a devida investiga\u00e7\u00e3o<br \/>\ne responsabiliza\u00e7\u00e3o dos culpados.<\/p>\n<p><a href=\"#_ftnref1\" name=\"_ftn1\"><\/a><\/p>\n<p>Para acessar a Nota em PDF, clique aqui:\u00a0<a href=\"http:\/\/ampid.org.br\/site2020\/wp-content\/uploads\/2021\/05\/NOTA-DE-REP\u00daDIO-1.pdf\">NOTA DE REP\u00daDIO \u00c0 OPERA\u00c7\u00c3O POLICIAL NO JACAREZINHO &#8211; RJO<\/a><\/p>\n<p>&nbsp;<\/p>\n<p>&nbsp;<\/p>\n<p>&nbsp;<\/p>\n<p>&nbsp;<\/p>\n","protected":false},"excerpt":{"rendered":"<p>08 de maio 2021 A AMPID se junta ao Programa de P\u00f3s-Gradua\u00e7\u00e3o em Sociologia e Direito da Universidade Federal Fluminense- UFF em profundo rep\u00fadio a opera\u00e7\u00e3o policial que levou as mortes de pessoas humanas do Jacarezinho\/RJ. Lembramos que expectativa de vida no Brasil n\u00e3o \u00e9 maior por conta dessa viol\u00eancia urbana que ceifa vidas. O&#8230;<\/p>\n","protected":false},"author":2,"featured_media":10130,"comment_status":"open","ping_status":"open","sticky":false,"template":"","format":"standard","meta":{"_acf_changed":false,"inline_featured_image":false,"footnotes":""},"categories":[22,4,32],"tags":[109,25,122,91,120,121,119,123,44,35,118,112],"class_list":["post-10119","post","type-post","status-publish","format-standard","has-post-thumbnail","hentry","category-notas","category-noticias","category-publicacoes-em-destaque","tag-109","tag-ampid","tag-chacina-rio","tag-cotas","tag-covid","tag-grupos-prioritarios","tag-lei-de-inclusao","tag-operacao-policial","tag-pessoa-com-deficiencia","tag-pessoas-com-deficiencia-2","tag-reserva-de-cargos","tag-vacina"],"acf":[],"_links":{"self":[{"href":"https:\/\/ampid.org.br\/site2020\/index.php?rest_route=\/wp\/v2\/posts\/10119","targetHints":{"allow":["GET"]}}],"collection":[{"href":"https:\/\/ampid.org.br\/site2020\/index.php?rest_route=\/wp\/v2\/posts"}],"about":[{"href":"https:\/\/ampid.org.br\/site2020\/index.php?rest_route=\/wp\/v2\/types\/post"}],"author":[{"embeddable":true,"href":"https:\/\/ampid.org.br\/site2020\/index.php?rest_route=\/wp\/v2\/users\/2"}],"replies":[{"embeddable":true,"href":"https:\/\/ampid.org.br\/site2020\/index.php?rest_route=%2Fwp%2Fv2%2Fcomments&post=10119"}],"version-history":[{"count":8,"href":"https:\/\/ampid.org.br\/site2020\/index.php?rest_route=\/wp\/v2\/posts\/10119\/revisions"}],"predecessor-version":[{"id":10547,"href":"https:\/\/ampid.org.br\/site2020\/index.php?rest_route=\/wp\/v2\/posts\/10119\/revisions\/10547"}],"wp:featuredmedia":[{"embeddable":true,"href":"https:\/\/ampid.org.br\/site2020\/index.php?rest_route=\/wp\/v2\/media\/10130"}],"wp:attachment":[{"href":"https:\/\/ampid.org.br\/site2020\/index.php?rest_route=%2Fwp%2Fv2%2Fmedia&parent=10119"}],"wp:term":[{"taxonomy":"category","embeddable":true,"href":"https:\/\/ampid.org.br\/site2020\/index.php?rest_route=%2Fwp%2Fv2%2Fcategories&post=10119"},{"taxonomy":"post_tag","embeddable":true,"href":"https:\/\/ampid.org.br\/site2020\/index.php?rest_route=%2Fwp%2Fv2%2Ftags&post=10119"}],"curies":[{"name":"wp","href":"https:\/\/api.w.org\/{rel}","templated":true}]}}