{"id":10019,"date":"2021-03-27T11:00:37","date_gmt":"2021-03-27T14:00:37","guid":{"rendered":"http:\/\/ampid.org.br\/site2020\/?p=10019"},"modified":"2021-03-27T11:05:41","modified_gmt":"2021-03-27T14:05:41","slug":"ampid-se-junta-ao-manifesto-de-apoio-aos-conselhos-em-defesa-da-democracia-e-da-participacao-social","status":"publish","type":"post","link":"https:\/\/ampid.org.br\/site2020\/?p=10019","title":{"rendered":"AMPID se junta ao Manifesto de apoio aos conselhos em defesa da democracia e da participa\u00e7\u00e3o social"},"content":{"rendered":"<p>27 de mar\u00e7o de 2021<\/p>\n<p><strong>AMPID se junta ao Manifesto de apoio aos conselhos em defesa da democracia e da participa\u00e7\u00e3o social<\/strong><\/p>\n<p>O Decreto publicado em 11 de abril de 2019 por Jair Bolsonaro foi o principal marco de uma onda de ataques aos conselhos nacionais de pol\u00edticas p\u00fablicas e de direitos, que provocou a extin\u00e7\u00e3o de diversos \u00f3rg\u00e3os colegiados e a descaracteriza\u00e7\u00e3o de tantos outros.<\/p>\n<p>Para marcar os DOIS anos de ataques \u00e0 Participa\u00e7\u00e3o e \u00e0 Democracia, cidad\u00e3s e cidad\u00e3os, conselheiras e conselheiros, entidades, f\u00f3runs, movimentos e institui\u00e7\u00f5es signat\u00e1rias, convidam toda a sociedade brasileira a construir a Semana de Descomemora\u00e7\u00e3o do Decreto 9.759\/2019 assinando ao MANIFESTO-A\u00c7\u00c3O &#8211; PARTICIPA\u00c7\u00c3O SOCIAL E DEMOCRACIA CAMINHAM JUNTAS: O BRASIL PRECISA DE CONSELHOS<\/p>\n<p>Para assinar, clique aqui: <a href=\"https:\/\/forms.gle\/mzPayBtx82LKoUQx8\">https:\/\/forms.gle\/mzPayBtx82LKoUQx8<\/a><\/p>\n<p>&nbsp;<\/p>\n<p>&nbsp;<\/p>\n<p>&nbsp;<\/p>\n<p>&nbsp;<\/p>\n","protected":false},"excerpt":{"rendered":"<p>27 de mar\u00e7o de 2021 AMPID se junta ao Manifesto de apoio aos conselhos em defesa da democracia e da participa\u00e7\u00e3o social O Decreto publicado em 11 de abril de 2019 por Jair Bolsonaro foi o principal marco de uma onda de ataques aos conselhos nacionais de pol\u00edticas p\u00fablicas e de direitos, que provocou a&#8230;<\/p>\n","protected":false},"author":2,"featured_media":10020,"comment_status":"open","ping_status":"open","sticky":false,"template":"","format":"standard","meta":{"_acf_changed":false,"inline_featured_image":false,"footnotes":""},"categories":[31,32],"tags":[109,25,27,29,35],"class_list":["post-10019","post","type-post","status-publish","format-standard","has-post-thumbnail","hentry","category-pessoas-com-deficiencia","category-publicacoes-em-destaque","tag-109","tag-ampid","tag-conade","tag-direitos-da-pessoa-idosa","tag-pessoas-com-deficiencia-2"],"acf":[],"_links":{"self":[{"href":"https:\/\/ampid.org.br\/site2020\/index.php?rest_route=\/wp\/v2\/posts\/10019","targetHints":{"allow":["GET"]}}],"collection":[{"href":"https:\/\/ampid.org.br\/site2020\/index.php?rest_route=\/wp\/v2\/posts"}],"about":[{"href":"https:\/\/ampid.org.br\/site2020\/index.php?rest_route=\/wp\/v2\/types\/post"}],"author":[{"embeddable":true,"href":"https:\/\/ampid.org.br\/site2020\/index.php?rest_route=\/wp\/v2\/users\/2"}],"replies":[{"embeddable":true,"href":"https:\/\/ampid.org.br\/site2020\/index.php?rest_route=%2Fwp%2Fv2%2Fcomments&post=10019"}],"version-history":[{"count":4,"href":"https:\/\/ampid.org.br\/site2020\/index.php?rest_route=\/wp\/v2\/posts\/10019\/revisions"}],"predecessor-version":[{"id":10024,"href":"https:\/\/ampid.org.br\/site2020\/index.php?rest_route=\/wp\/v2\/posts\/10019\/revisions\/10024"}],"wp:featuredmedia":[{"embeddable":true,"href":"https:\/\/ampid.org.br\/site2020\/index.php?rest_route=\/wp\/v2\/media\/10020"}],"wp:attachment":[{"href":"https:\/\/ampid.org.br\/site2020\/index.php?rest_route=%2Fwp%2Fv2%2Fmedia&parent=10019"}],"wp:term":[{"taxonomy":"category","embeddable":true,"href":"https:\/\/ampid.org.br\/site2020\/index.php?rest_route=%2Fwp%2Fv2%2Fcategories&post=10019"},{"taxonomy":"post_tag","embeddable":true,"href":"https:\/\/ampid.org.br\/site2020\/index.php?rest_route=%2Fwp%2Fv2%2Ftags&post=10019"}],"curies":[{"name":"wp","href":"https:\/\/api.w.org\/{rel}","templated":true}]}}