{"id":9785,"date":"2020-05-14T13:20:31","date_gmt":"2020-05-14T16:20:31","guid":{"rendered":"https:\/\/ampid.org.br\/site2020\/?p=9785"},"modified":"2020-09-16T13:21:16","modified_gmt":"2020-09-16T16:21:16","slug":"mocoes-de-apoio-as-manifestacoes-do-conselho-nacional-dos-direitos-das-pessoas-com-deficiencia-conade","status":"publish","type":"post","link":"http:\/\/ampid.org.br\/site2020\/?p=9785","title":{"rendered":"Mo\u00e7\u00f5es de Apoio \u00e0s Manifesta\u00e7\u00f5es do Conselho Nacional dos Direitos das Pessoas com Defici\u00eancia \u2013 CONADE"},"content":{"rendered":"<p>A Associa\u00e7\u00e3o Nacional do Minist\u00e9rio P\u00fablico de Defesa dos Direitos dos Idosos e Pessoas com Defici\u00eancia \u2013 AMPID,\u00a0<strong>apoia<\/strong>\u00a0os MANIFESTOS P\u00daBLICOS<\/p>\n<p>&nbsp;<\/p>\n<p>&nbsp;<\/p>\n<p><strong>1\u00ba SOBRE PROTOCOLOS DE URG\u00caNCIA M\u00c9DICA PELA COVID-19<\/strong>\u00a0no sentido de que a Constitui\u00e7\u00e3o da Rep\u00fablica, a Conven\u00e7\u00e3o sobre os Direitos da Pessoa com Defici\u00eancia e a Lei Brasileira de Inclus\u00e3o da Pessoa com Defici\u00eancia sejam cumpridas e garantam \u00e0s pessoas com defici\u00eancia, seus acompanhantes e suas fam\u00edlias a prioridade de atendimento e o acesso a direitos em situa\u00e7\u00f5es de emerg\u00eancia humanit\u00e1ria, como a que estamos vivenciando com a pandemia do COVID19. Em especial, quanto aos cuidados e aten\u00e7\u00e3o no seu atendimento priorit\u00e1rio e \u00e0 remo\u00e7\u00e3o de riscos e agravos de qualquer natureza e, principalmente que\u00a0<strong>emita diretriz que pro\u00edba<\/strong>\u00a0a elabora\u00e7\u00e3o de qualquer protocolo de prioridades no atendimento m\u00e9dico em UTI que possa impactar diretamente pessoas com defici\u00eancia com eventual preteri\u00e7\u00e3o de atendimento de urg\u00eancia m\u00e9dica.<\/p>\n<p>&nbsp;<\/p>\n<p>&nbsp;<\/p>\n<p><strong>2\u00ba DE CONTRARIEDADE AO PROVIMENTO N\u00ba 3\/2020 DO CONSELHO DE RECURSOS DA PREVID\u00caNCIA SOCIAL (CRPS\/ME)<\/strong>,\u00a0<strong>no sentido de alter\u00e1-lo<\/strong>\u00a0porque desconsidera as normas que regulamentam a avalia\u00e7\u00e3o da defici\u00eancia das pessoas com defici\u00eancia que requerem o benef\u00edcio de presta\u00e7\u00e3o continuada (BPC), previstas no Decreto n\u00ba 6.214 de 2007, na Lei n\u00ba 12.435 de 2011, na Conven\u00e7\u00e3o sobre os Direitos da Pessoa com Defici\u00eancia e na Lei Brasileira de Inclus\u00e3o da Pessoa com Defici\u00eancia, al\u00e9m do fato de que foi recentemente aprovado o instrumento de avalia\u00e7\u00e3o biopsicossocial da pessoa com defici\u00eancia, IFBr-M (Resolu\u00e7\u00e3o n\u00ba 01\/2020).<\/p>\n<p>&nbsp;<\/p>\n<p>&nbsp;<\/p>\n<p>Bras\u00edlia, 13 de maio de 2020.<\/p>\n<p>&nbsp;<\/p>\n<p>Maria Aparecida Gugel, Presidenta da AMPID<\/p>\n<p>&nbsp;<\/p>\n<p>Gabrielle Gadelha Barboza de Almeida, Vice-Presidenta da AMPID<\/p>\n<p>&nbsp;<\/p>\n<p>Hugo Porto, Conselheiro do Conade, representante da AMPID<\/p>\n","protected":false},"excerpt":{"rendered":"<p>A Associa\u00e7\u00e3o Nacional do Minist\u00e9rio P\u00fablico de Defesa dos Direitos dos Idosos e Pessoas com Defici\u00eancia \u2013 AMPID,\u00a0apoia\u00a0os MANIFESTOS P\u00daBLICOS &nbsp; &nbsp; 1\u00ba SOBRE PROTOCOLOS DE URG\u00caNCIA M\u00c9DICA PELA COVID-19\u00a0no sentido de que a Constitui\u00e7\u00e3o da Rep\u00fablica, a Conven\u00e7\u00e3o sobre os Direitos da Pessoa com Defici\u00eancia e a Lei Brasileira de Inclus\u00e3o da Pessoa com&#8230;<\/p>\n","protected":false},"author":1,"featured_media":9693,"comment_status":"open","ping_status":"open","sticky":false,"template":"","format":"standard","meta":{"_acf_changed":false,"inline_featured_image":false,"footnotes":""},"categories":[22,31,32],"tags":[102,25,91,35],"class_list":["post-9785","post","type-post","status-publish","format-standard","has-post-thumbnail","hentry","category-notas","category-pessoas-com-deficiencia","category-publicacoes-em-destaque","tag-102","tag-ampid","tag-cotas","tag-pessoas-com-deficiencia-2"],"acf":[],"_links":{"self":[{"href":"http:\/\/ampid.org.br\/site2020\/index.php?rest_route=\/wp\/v2\/posts\/9785","targetHints":{"allow":["GET"]}}],"collection":[{"href":"http:\/\/ampid.org.br\/site2020\/index.php?rest_route=\/wp\/v2\/posts"}],"about":[{"href":"http:\/\/ampid.org.br\/site2020\/index.php?rest_route=\/wp\/v2\/types\/post"}],"author":[{"embeddable":true,"href":"http:\/\/ampid.org.br\/site2020\/index.php?rest_route=\/wp\/v2\/users\/1"}],"replies":[{"embeddable":true,"href":"http:\/\/ampid.org.br\/site2020\/index.php?rest_route=%2Fwp%2Fv2%2Fcomments&post=9785"}],"version-history":[{"count":1,"href":"http:\/\/ampid.org.br\/site2020\/index.php?rest_route=\/wp\/v2\/posts\/9785\/revisions"}],"predecessor-version":[{"id":9786,"href":"http:\/\/ampid.org.br\/site2020\/index.php?rest_route=\/wp\/v2\/posts\/9785\/revisions\/9786"}],"wp:featuredmedia":[{"embeddable":true,"href":"http:\/\/ampid.org.br\/site2020\/index.php?rest_route=\/wp\/v2\/media\/9693"}],"wp:attachment":[{"href":"http:\/\/ampid.org.br\/site2020\/index.php?rest_route=%2Fwp%2Fv2%2Fmedia&parent=9785"}],"wp:term":[{"taxonomy":"category","embeddable":true,"href":"http:\/\/ampid.org.br\/site2020\/index.php?rest_route=%2Fwp%2Fv2%2Fcategories&post=9785"},{"taxonomy":"post_tag","embeddable":true,"href":"http:\/\/ampid.org.br\/site2020\/index.php?rest_route=%2Fwp%2Fv2%2Ftags&post=9785"}],"curies":[{"name":"wp","href":"https:\/\/api.w.org\/{rel}","templated":true}]}}