{"id":9699,"date":"2017-10-14T15:29:28","date_gmt":"2017-10-14T18:29:28","guid":{"rendered":"https:\/\/ampid.org.br\/site2020\/?p=9699"},"modified":"2020-09-14T15:31:08","modified_gmt":"2020-09-14T18:31:08","slug":"nota-publica-a-respeito-da-convencao-interamericana-sobre-os-direitos-das-pessoas-idosas","status":"publish","type":"post","link":"http:\/\/ampid.org.br\/site2020\/?p=9699","title":{"rendered":"Nota P\u00fablica a respeito da Conven\u00e7\u00e3o Interamericana sobre os Direitos das Pessoas Idosas"},"content":{"rendered":"<p>A Associa\u00e7\u00e3o Nacional dos Membros do Minist\u00e9rio P\u00fablico de Defesa dos Direitos das Pessoas com Defici\u00eancia e Idosos \u2013 AMPID regozija-se com a sociedade brasileira com o ato de encaminhamento (n\u00b0 412\/2017) ao Congresso Nacional do texto da Conven\u00e7\u00e3o Interamericana sobre os Direitos das Pessoas Idosas, aprovada pela Organiza\u00e7\u00e3o dos Estados Americanos em junho de 2015.<\/p>\n<p>O que queremos do Congresso Nacional \u00e9 a aprova\u00e7\u00e3o de seu texto sem restri\u00e7\u00f5es e com qu\u00f3rum qualificado, nos termos do artigo 5\u00ba, par\u00e1grafo 3\u00ba da Constitui\u00e7\u00e3o da Rep\u00fablica, de maneira a termos mais uma conven\u00e7\u00e3o sobre direitos humanos com natureza constitucional, tal qual a Conven\u00e7\u00e3o sobre os Direitos das Pessoas com Defici\u00eancia.<\/p>\n<p>A AMPID empenhou-se na constru\u00e7\u00e3o da Conven\u00e7\u00e3o desde seu in\u00edcio em 2008, em reuni\u00e3o realizada pela Secretaria de Direitos Humanos e \u00f3rg\u00e3os das Na\u00e7\u00f5es Unidas no Rio de Janeiro, ocasi\u00e3o em que apresentou o primeiro esbo\u00e7o da conven\u00e7\u00e3o.<\/p>\n<p>A AMPID espera pela aprova\u00e7\u00e3o com car\u00e1ter vinculante pois este garante a promo\u00e7\u00e3o e a prote\u00e7\u00e3o dos direitos das pessoas idosas.<\/p>\n<p>&nbsp;<\/p>\n<p>Bras\u00edlia, 30 de outubro de 2017.<\/p>\n<p>&nbsp;<\/p>\n<p><strong>Alexandre Alc\u00e2ntara<\/strong>, presidente<\/p>\n<p><strong>Maria Aparecida Gugel<\/strong>, vice-presidente<\/p>\n","protected":false},"excerpt":{"rendered":"<p>A Associa\u00e7\u00e3o Nacional dos Membros do Minist\u00e9rio P\u00fablico de Defesa dos Direitos das Pessoas com Defici\u00eancia e Idosos \u2013 AMPID regozija-se com a sociedade brasileira com o ato de encaminhamento (n\u00b0 412\/2017) ao Congresso Nacional do texto da Conven\u00e7\u00e3o Interamericana sobre os Direitos das Pessoas Idosas, aprovada pela Organiza\u00e7\u00e3o dos Estados Americanos em junho de&#8230;<\/p>\n","protected":false},"author":1,"featured_media":9668,"comment_status":"open","ping_status":"open","sticky":false,"template":"","format":"standard","meta":{"_acf_changed":false,"inline_featured_image":false,"footnotes":""},"categories":[22],"tags":[99,40,41,42,43,44,45],"class_list":["post-9699","post","type-post","status-publish","format-standard","has-post-thumbnail","hentry","category-notas","tag-99","tag-direitos-das-pessoas-com-deficiencia","tag-direitos-dos-idosos","tag-idosos-2","tag-nota-publica","tag-pessoa-com-deficiencia","tag-pessoa-idosa"],"acf":[],"_links":{"self":[{"href":"http:\/\/ampid.org.br\/site2020\/index.php?rest_route=\/wp\/v2\/posts\/9699","targetHints":{"allow":["GET"]}}],"collection":[{"href":"http:\/\/ampid.org.br\/site2020\/index.php?rest_route=\/wp\/v2\/posts"}],"about":[{"href":"http:\/\/ampid.org.br\/site2020\/index.php?rest_route=\/wp\/v2\/types\/post"}],"author":[{"embeddable":true,"href":"http:\/\/ampid.org.br\/site2020\/index.php?rest_route=\/wp\/v2\/users\/1"}],"replies":[{"embeddable":true,"href":"http:\/\/ampid.org.br\/site2020\/index.php?rest_route=%2Fwp%2Fv2%2Fcomments&post=9699"}],"version-history":[{"count":1,"href":"http:\/\/ampid.org.br\/site2020\/index.php?rest_route=\/wp\/v2\/posts\/9699\/revisions"}],"predecessor-version":[{"id":9700,"href":"http:\/\/ampid.org.br\/site2020\/index.php?rest_route=\/wp\/v2\/posts\/9699\/revisions\/9700"}],"wp:featuredmedia":[{"embeddable":true,"href":"http:\/\/ampid.org.br\/site2020\/index.php?rest_route=\/wp\/v2\/media\/9668"}],"wp:attachment":[{"href":"http:\/\/ampid.org.br\/site2020\/index.php?rest_route=%2Fwp%2Fv2%2Fmedia&parent=9699"}],"wp:term":[{"taxonomy":"category","embeddable":true,"href":"http:\/\/ampid.org.br\/site2020\/index.php?rest_route=%2Fwp%2Fv2%2Fcategories&post=9699"},{"taxonomy":"post_tag","embeddable":true,"href":"http:\/\/ampid.org.br\/site2020\/index.php?rest_route=%2Fwp%2Fv2%2Ftags&post=9699"}],"curies":[{"name":"wp","href":"https:\/\/api.w.org\/{rel}","templated":true}]}}