{"id":9651,"date":"2020-09-11T17:17:14","date_gmt":"2020-09-11T20:17:14","guid":{"rendered":"https:\/\/ampid.org.br\/site2020\/?p=9651"},"modified":"2020-09-11T17:17:14","modified_gmt":"2020-09-11T20:17:14","slug":"torne-se-um-associado-da-ampid","status":"publish","type":"post","link":"http:\/\/ampid.org.br\/site2020\/?p=9651","title":{"rendered":"Torne-se um Associado da AMPID"},"content":{"rendered":"<h2>Se voc\u00ea \u00e9 membro do Minist\u00e9rio P\u00fablico, ativo ou aposentado, torne-se agora um Associado AMPID e contribua na defesa dos Direitos das Pessoas com Defici\u00eancia<\/h2>\n<p><strong>VANTAGENS DE SE TORNAR UM ASSOCIADO:<\/strong><\/p>\n<ul>\n<li>a possibilidade de interc\u00e2mbio entre os associados, atrav\u00e9s de grupos e redes sociais, visando a troca de experi\u00eancias, materiais e ideias sobre os direitos das pessoas idosas e pessoas com defici\u00eancia;<\/li>\n<li>o recebimento de informa\u00e7\u00f5es atualizadas sobre legisla\u00e7\u00e3o, jusrisprud\u00eancia dos tribunais e decis\u00f5es internas do Minist\u00e9rio P\u00fablico referente \u00e0 mat\u00e9ria de interesse;<\/li>\n<li>a possibilidade de participar dos conselhos nacionais de direito (CONADE e CNDI) como representante da AMPID;<\/li>\n<li>a possibilidade de ajudar a construir uma nova forma de pensamento junto \u00e0 sociedade civil e as organiza\u00e7\u00f5es governamentais e n\u00e3o-governamentais;<\/li>\n<li>a possibilidade da AMPID em ingressar com a\u00e7\u00f5es ou participar como\u00a0<i>amicus<\/i>\u00a0<i>curiae<\/i>\u00a0em assuntos de interesse;<\/li>\n<li>a possibilidade de associados participarem de grupos de trabalho; e<\/li>\n<li>a possibilidade dos associados serem convidados a escreverem artigos para publica\u00e7\u00f5es;<\/li>\n<\/ul>\n<p>Nos escreva j\u00e1 confirmando o seu interesse e\u00a0enviaremos maiores informa\u00e7\u00f5es:\u00a0<a href=\"mailto:ampidgrupo@yahoo.com.br\"><b>ampidgrupo@yahoo.com.br<\/b><\/a><\/p>\n<p>Aguardamos voc\u00ea!<\/p>\n","protected":false},"excerpt":{"rendered":"<p>Se voc\u00ea \u00e9 membro do Minist\u00e9rio P\u00fablico, ativo ou aposentado, torne-se agora um Associado AMPID e contribua na defesa dos Direitos das Pessoas com Defici\u00eancia VANTAGENS DE SE TORNAR UM ASSOCIADO: a possibilidade de interc\u00e2mbio entre os associados, atrav\u00e9s de grupos e redes sociais, visando a troca de experi\u00eancias, materiais e ideias sobre os direitos&#8230;<\/p>\n","protected":false},"author":1,"featured_media":9652,"comment_status":"open","ping_status":"open","sticky":false,"template":"","format":"standard","meta":{"_acf_changed":false,"inline_featured_image":false,"footnotes":""},"categories":[32],"tags":[20],"class_list":["post-9651","post","type-post","status-publish","format-standard","has-post-thumbnail","hentry","category-publicacoes-em-destaque","tag-slider"],"acf":[],"_links":{"self":[{"href":"http:\/\/ampid.org.br\/site2020\/index.php?rest_route=\/wp\/v2\/posts\/9651","targetHints":{"allow":["GET"]}}],"collection":[{"href":"http:\/\/ampid.org.br\/site2020\/index.php?rest_route=\/wp\/v2\/posts"}],"about":[{"href":"http:\/\/ampid.org.br\/site2020\/index.php?rest_route=\/wp\/v2\/types\/post"}],"author":[{"embeddable":true,"href":"http:\/\/ampid.org.br\/site2020\/index.php?rest_route=\/wp\/v2\/users\/1"}],"replies":[{"embeddable":true,"href":"http:\/\/ampid.org.br\/site2020\/index.php?rest_route=%2Fwp%2Fv2%2Fcomments&post=9651"}],"version-history":[{"count":1,"href":"http:\/\/ampid.org.br\/site2020\/index.php?rest_route=\/wp\/v2\/posts\/9651\/revisions"}],"predecessor-version":[{"id":9653,"href":"http:\/\/ampid.org.br\/site2020\/index.php?rest_route=\/wp\/v2\/posts\/9651\/revisions\/9653"}],"wp:featuredmedia":[{"embeddable":true,"href":"http:\/\/ampid.org.br\/site2020\/index.php?rest_route=\/wp\/v2\/media\/9652"}],"wp:attachment":[{"href":"http:\/\/ampid.org.br\/site2020\/index.php?rest_route=%2Fwp%2Fv2%2Fmedia&parent=9651"}],"wp:term":[{"taxonomy":"category","embeddable":true,"href":"http:\/\/ampid.org.br\/site2020\/index.php?rest_route=%2Fwp%2Fv2%2Fcategories&post=9651"},{"taxonomy":"post_tag","embeddable":true,"href":"http:\/\/ampid.org.br\/site2020\/index.php?rest_route=%2Fwp%2Fv2%2Ftags&post=9651"}],"curies":[{"name":"wp","href":"https:\/\/api.w.org\/{rel}","templated":true}]}}