{"id":4456,"date":"2019-04-12T20:10:30","date_gmt":"2019-04-12T20:10:30","guid":{"rendered":"http:\/\/www.ampid.org.br\/v1\/?p=4456"},"modified":"2020-09-16T12:18:35","modified_gmt":"2020-09-16T15:18:35","slug":"nota-de-apoio-ao-projeto-de-lei-n-1-712-2019-que-aprovou-na-camara-dos-deputados-a-politica-nacional-de-protecao-dos-diretos-da-pessoa-com-transtorno-do-espectro-autista","status":"publish","type":"post","link":"http:\/\/ampid.org.br\/site2020\/?p=4456","title":{"rendered":"Nota de apoio ao Projeto de Lei N\u00b0 1.712\/2019 que aprovou na C\u00e2mara dos Deputados a pol\u00edtica nacional de prote\u00e7\u00e3o dos diretos da pessoa com transtorno do espectro autista"},"content":{"rendered":"<p>A Associa\u00e7\u00e3o Nacional dos Membros do Minist\u00e9rio P\u00fablico de Defesa dos Direitos das Pessoas com Defici\u00eancia e Idosos \u2013 AMPID apoia o texto final do Projeto de Lei n\u00b0 1.712\/2019 aprovado na C\u00e2mara dos Deputados que promoveu altera\u00e7\u00f5es importantes nas leis colaborando para aprimorar a aten\u00e7\u00e3o \u00e0 sa\u00fade e \u00e0 educa\u00e7\u00e3o inclusiva das pessoas com transtorno do espectro autista, por meio da Pol\u00edtica Nacional de Prote\u00e7\u00e3o dos Direitos da Pessoa com Transtorno do Espectro Autista (Lei n\u00ba 12.764\/2012).<\/p>\n<p>&nbsp;<\/p>\n<p>O Projeto de Lei n\u00b0 1.712\/2019 aprovado na C\u00e2mara dos Deputados est\u00e1 em harmonia com os fundamentos da Conven\u00e7\u00e3o sobre os Direitos das Pessoas com Defici\u00eancia (CDPD) e da Lei Brasileira de Inclus\u00e3o da Pessoa com Defici\u00eancia (LBI), especialmente porque preserva princ\u00edpios inerentes \u00e0 pessoa com defici\u00eancia dentre outros, o respeito pela dignidade humana, a n\u00e3o discrimina\u00e7\u00e3o, a efetiva participa\u00e7\u00e3o e inclus\u00e3o na sociedade, a\u00a0 igualdade de oportunidades, a acessibilidade e o respeito pelo desenvolvimento das capacidades das crian\u00e7as com defici\u00eancia.<\/p>\n<p>&nbsp;<\/p>\n<p>&nbsp;<\/p>\n<p>O Projeto de Lei n\u00b0 1.712\/2019 aprovado na C\u00e2mara dos Deputados mant\u00e9m intacto os comandos da CDPD, da LBI e da Constitui\u00e7\u00e3o da Rep\u00fablica que determinam o direito de acesso da crian\u00e7a com espectro autista ao sistema educacional inclusivo, \u00fanico permitido no Brasil. Ao dispor que a pol\u00edtica ser\u00e1 conduzida por \u201cprogramas espec\u00edficos de aten\u00e7\u00e3o \u00e0 sa\u00fade, \u00e0 educa\u00e7\u00e3o inclusiva com atendimento educacional especializado e outras pol\u00edticas que possibilitem a plena inclus\u00e3o social das pessoas com transtorno do espectro autista\u201d, o Projeto de Lei n\u00b0 1.712\/2019 confirma-os.<\/p>\n<p>&nbsp;<\/p>\n<p>&nbsp;<\/p>\n<p>A AMPID, tanto quanto a sociedade brasileira, espera que o Senado Federal mantenha integralmente os par\u00e2metros da norma prevista no Projeto de Lei n\u00b0 1.712\/2019 aprovado na C\u00e2mara dos Deputados.<\/p>\n<p>&nbsp;<\/p>\n<p>&nbsp;<\/p>\n<p>Bras\u00edlia, 12 de abril de 2019.<\/p>\n<p>&nbsp;<\/p>\n<p>Alexandre Alc\u00e2ntara \u2013 Presidente Maria Aparecida Gugel \u2013 Vice-presidente<\/p>\n","protected":false},"excerpt":{"rendered":"<p>A Associa\u00e7\u00e3o Nacional dos Membros do Minist\u00e9rio P\u00fablico de Defesa dos Direitos das Pessoas com Defici\u00eancia e Idosos \u2013 AMPID apoia o texto final do Projeto de Lei n\u00b0 1.712\/2019 aprovado na C\u00e2mara dos Deputados que promoveu altera\u00e7\u00f5es importantes nas leis colaborando para aprimorar a aten\u00e7\u00e3o \u00e0 sa\u00fade e \u00e0 educa\u00e7\u00e3o inclusiva das pessoas com&#8230;<\/p>\n","protected":false},"author":1,"featured_media":9693,"comment_status":"open","ping_status":"open","sticky":false,"template":"","format":"standard","meta":{"_acf_changed":false,"inline_featured_image":false,"footnotes":""},"categories":[22,31],"tags":[101,25,68,69,35],"class_list":["post-4456","post","type-post","status-publish","format-standard","has-post-thumbnail","hentry","category-notas","category-pessoas-com-deficiencia","tag-101","tag-ampid","tag-autismo","tag-lei-brasileira-de-inclusao-da-pessoa-com-deficiencia-lbi","tag-pessoas-com-deficiencia-2"],"acf":[],"_links":{"self":[{"href":"http:\/\/ampid.org.br\/site2020\/index.php?rest_route=\/wp\/v2\/posts\/4456","targetHints":{"allow":["GET"]}}],"collection":[{"href":"http:\/\/ampid.org.br\/site2020\/index.php?rest_route=\/wp\/v2\/posts"}],"about":[{"href":"http:\/\/ampid.org.br\/site2020\/index.php?rest_route=\/wp\/v2\/types\/post"}],"author":[{"embeddable":true,"href":"http:\/\/ampid.org.br\/site2020\/index.php?rest_route=\/wp\/v2\/users\/1"}],"replies":[{"embeddable":true,"href":"http:\/\/ampid.org.br\/site2020\/index.php?rest_route=%2Fwp%2Fv2%2Fcomments&post=4456"}],"version-history":[{"count":1,"href":"http:\/\/ampid.org.br\/site2020\/index.php?rest_route=\/wp\/v2\/posts\/4456\/revisions"}],"predecessor-version":[{"id":9756,"href":"http:\/\/ampid.org.br\/site2020\/index.php?rest_route=\/wp\/v2\/posts\/4456\/revisions\/9756"}],"wp:featuredmedia":[{"embeddable":true,"href":"http:\/\/ampid.org.br\/site2020\/index.php?rest_route=\/wp\/v2\/media\/9693"}],"wp:attachment":[{"href":"http:\/\/ampid.org.br\/site2020\/index.php?rest_route=%2Fwp%2Fv2%2Fmedia&parent=4456"}],"wp:term":[{"taxonomy":"category","embeddable":true,"href":"http:\/\/ampid.org.br\/site2020\/index.php?rest_route=%2Fwp%2Fv2%2Fcategories&post=4456"},{"taxonomy":"post_tag","embeddable":true,"href":"http:\/\/ampid.org.br\/site2020\/index.php?rest_route=%2Fwp%2Fv2%2Ftags&post=4456"}],"curies":[{"name":"wp","href":"https:\/\/api.w.org\/{rel}","templated":true}]}}