{"id":3460,"date":"2018-02-02T20:06:17","date_gmt":"2018-02-02T20:06:17","guid":{"rendered":"http:\/\/www.ampid.org.br\/v1\/?p=3460"},"modified":"2020-09-14T15:38:45","modified_gmt":"2020-09-14T18:38:45","slug":"nota-publica-de-repudio-ao-substitutivo-da-camara-dos-deputados-n-6-de-2016-ao-pls-no-135-de-2010","status":"publish","type":"post","link":"http:\/\/ampid.org.br\/site2020\/?p=3460","title":{"rendered":"Nota P\u00fablica de Rep\u00fadio ao Substitutivo da C\u00e2mara dos Deputados n\u00b0 6, de 2016, AO PLS N\u00ba 135, DE 2010"},"content":{"rendered":"<p>A Associa\u00e7\u00e3o Nacional dos Membros do Minist\u00e9rio P\u00fablico de Defesa dos Direitos das Pessoas com Defici\u00eancia e Idosos \u2013 AMPID se manifesta contra o Substitutivo da C\u00e2mara dos Deputados n\u00b0 6\/2016 ao PLS n\u00ba 135\/2010 titulado na C\u00e2mara dos Deputados como Estatuto da Seguran\u00e7a Privada e da Seguran\u00e7a das Institui\u00e7\u00f5es Financeiras, relator Senador Vicentinho Alves, porque fere o princ\u00edpio fundamental do direito ao trabalho da pessoa com defici\u00eancia\u00a0em especial por alterar i) \u00a0a a\u00e7\u00e3o afirmativa da lei de reserva de cargos prevista no artigo 93 da Lei n\u00b0 8.213\/1991 com a exclus\u00e3o da base de c\u00e1lculo o n\u00famero de empregados vigilantes e, ii) a a\u00e7\u00e3o afirmativa de forma\u00e7\u00e3o de aprendizes ao excluir da base de c\u00e1lculo os vigilantes para a forma\u00e7\u00e3o de percentual de aprendizes com e sem defici\u00eancia, principalmente aqueles com idade superior a 18 anos da forma\u00e7\u00e3o profissional.<\/p>\n<p>De forma ardilosa o Substitutivo n\u00b0 6\/2016 discrimina pessoa com defici\u00eancia e impede que a reserva de cargos prevista em lei se d\u00ea de forma plena abarcando o percentual real e correspondente ao n\u00famero de trabalhadores da empresa. E mais, impede que as pessoas com defici\u00eancia usufruam do pleno direito exercer qualquer cargo na empresa, especialmente o de vigilante, apesar de o pr\u00f3prio projeto de estatuto n\u00e3o diz\u00ea-lo diretamente. E mais, impede que futuras gera\u00e7\u00f5es de aprendizes trabalhadores, acima de 18 anos, aprendem metodicamente o of\u00edcio.<\/p>\n<p>O Artigo 29 \u00a7 5\u00ba do Substitutivo n\u00b0 6 fere os par\u00e2metros da Conven\u00e7\u00e3o sobre os Direitos da Pessoa com Defici\u00eancia (CDPD), norma de natureza constitucional, que assegura a todas as pessoas com defici\u00eancia o exerc\u00edcio de todos os direitos sem discrimina\u00e7\u00e3o.<\/p>\n<p>O artigo 29 \u00a7 5\u00ba do Substitutivo n\u00b0 6\/2016 ao afirmar que<\/p>\n<p>Para os efeitos do disposto no art. 429 da Consolida\u00e7\u00e3o das Leis do Trabalho \u2013 CLT, aprovada pelo Decreto \u2013 Lei n\u00ba 5.452, de 1\u00ba de maio de 1943, e no art. 93 da Lei n\u00ba 8.213, de24 de julho de 1991, naquilo que tange aos prestadores de servi\u00e7o de seguran\u00e7a privada, ser\u00e1 utilizado como base de c\u00e1lculo o n\u00famero de funcion\u00e1rios da empresa, exclu\u00eddos os vigilantes mencionados no inciso III do caput do art. 26 e aqueles profissionais que exer\u00e7am atividades perigosas e insalubres<\/p>\n<p>DISCRIMINA A PESSOA EM RAZ\u00c3O DA DEFICI\u00caNCIA (Artigo 2 da CDPD), pois esquece que qualquer atividade laborativa, qualquer fun\u00e7\u00e3o ou cargo poder\u00e1 ser exercido pela pessoa com defici\u00eancia desde que aplicadas as regras de acessibilidade e adapta\u00e7\u00e3o razo\u00e1vel, previstas da pr\u00f3pria CDPD. A Lei Brasileira de Inclus\u00e3o da Pessoa com Defici\u00eancia (LBI) por sua vez \u00e9 categ\u00f3rica ao afirmar que:<\/p>\n<p>a pessoa com defici\u00eancia tem direito ao trabalho de sua livre escolha e aceita\u00e7\u00e3o, em ambiente acess\u00edvel e inclusivo, em igualdade de oportunidades com as demais pessoas (artigo 34),<\/p>\n<p>devendo as empresas garantir ambientes acess\u00edveis e inclusivos (par\u00e1grafo 1\u00ba),<\/p>\n<p>em igualdade de oportunidades (par\u00e1grafo 2\u00ba),<\/p>\n<p>sendo vedada restri\u00e7\u00e3o ao trabalho da pessoa com defici\u00eancia e qualquer discrimina\u00e7\u00e3o em raz\u00e3o de sua condi\u00e7\u00e3o em todas as etapas de recrutamento, sele\u00e7\u00e3o e da rela\u00e7\u00e3o de trabalho (par\u00e1grafo 3\u00ba),<\/p>\n<p>tendo direito \u00e0 participa\u00e7\u00e3o e ao acesso a cursos, treinamentos, entre outros, em igualdade de oportunidades com os demais empregados (par\u00e1grafo 4\u00ba),<\/p>\n<p>com a garantia de acessibilidade em cursos de forma\u00e7\u00e3o e de capacita\u00e7\u00e3o (par\u00e1grafo 5\u00ba).<\/p>\n<p>O mundo unido e conforme a Conven\u00e7\u00e3o sobre os Direitos da Pessoa com Defici\u00eancia ratificada pelo Brasil com status de emenda constitucional, orienta-se na valoriza\u00e7\u00e3o do ser humano com defici\u00eancia, colocando-o como o centro das preocupa\u00e7\u00f5es e detentor de todos os direitos, inclu\u00eddo o direito ao trabalho. Nenhuma lei ordin\u00e1ria pode contrari\u00e1-la. Da\u00ed porque o rep\u00fadio ao Estatuto da Seguran\u00e7a Privada e da Seguran\u00e7a das Institui\u00e7\u00f5es Financeiras nesse aspecto.<\/p>\n<p>&nbsp;<\/p>\n<p>Bras\u00edlia, 1\u00ba de fevereiro de 2018.<\/p>\n<p>&nbsp;<\/p>\n<p>Alexandre Alc\u00e2ntara, Presidente\u00a0\u00a0\u00a0\u00a0\u00a0\u00a0\u00a0\u00a0\u00a0\u00a0\u00a0\u00a0\u00a0\u00a0 Maria Aparecida Gugel, Vice-Presidente<\/p>\n<p>&nbsp;<\/p>\n<p>PARA ACESSAR A NOTA EM PDF:\u00a0<a href=\"http:\/\/www.ampid.org.br\/v1\/wp-content\/uploads\/2018\/02\/NOTA-P\u00daBLICA-DE-REP\u00daDIO-AO-SUBSTITUTIVO-DA-C\u00c2MARA-DOS-DEPUTADOS-N\u00b0-6-DE-2016-AO-PLS-N\u00ba-135-DE-2010.pdf\">NOTA P\u00daBLICA DE REP\u00daDIO AO SUBSTITUTIVO DA C\u00c2MARA DOS DEPUTADOS N\u00b0 6, DE 2016, AO PLS N\u00ba 135, DE 2010<\/a><\/p>\n","protected":false},"excerpt":{"rendered":"<p>A Associa\u00e7\u00e3o Nacional dos Membros do Minist\u00e9rio P\u00fablico de Defesa dos Direitos das Pessoas com Defici\u00eancia e Idosos \u2013 AMPID se manifesta contra o Substitutivo da C\u00e2mara dos Deputados n\u00b0 6\/2016 ao PLS n\u00ba 135\/2010 titulado na C\u00e2mara dos Deputados como Estatuto da Seguran\u00e7a Privada e da Seguran\u00e7a das Institui\u00e7\u00f5es Financeiras, relator Senador Vicentinho Alves,&#8230;<\/p>\n","protected":false},"author":1,"featured_media":9667,"comment_status":"open","ping_status":"open","sticky":false,"template":"","format":"standard","meta":{"_acf_changed":false,"inline_featured_image":false,"footnotes":""},"categories":[22,4,31],"tags":[100,25,28],"class_list":["post-3460","post","type-post","status-publish","format-standard","has-post-thumbnail","hentry","category-notas","category-noticias","category-pessoas-com-deficiencia","tag-100","tag-ampid","tag-direitos-da-pessoa-com-deficiencia"],"acf":[],"_links":{"self":[{"href":"http:\/\/ampid.org.br\/site2020\/index.php?rest_route=\/wp\/v2\/posts\/3460","targetHints":{"allow":["GET"]}}],"collection":[{"href":"http:\/\/ampid.org.br\/site2020\/index.php?rest_route=\/wp\/v2\/posts"}],"about":[{"href":"http:\/\/ampid.org.br\/site2020\/index.php?rest_route=\/wp\/v2\/types\/post"}],"author":[{"embeddable":true,"href":"http:\/\/ampid.org.br\/site2020\/index.php?rest_route=\/wp\/v2\/users\/1"}],"replies":[{"embeddable":true,"href":"http:\/\/ampid.org.br\/site2020\/index.php?rest_route=%2Fwp%2Fv2%2Fcomments&post=3460"}],"version-history":[{"count":2,"href":"http:\/\/ampid.org.br\/site2020\/index.php?rest_route=\/wp\/v2\/posts\/3460\/revisions"}],"predecessor-version":[{"id":9703,"href":"http:\/\/ampid.org.br\/site2020\/index.php?rest_route=\/wp\/v2\/posts\/3460\/revisions\/9703"}],"wp:featuredmedia":[{"embeddable":true,"href":"http:\/\/ampid.org.br\/site2020\/index.php?rest_route=\/wp\/v2\/media\/9667"}],"wp:attachment":[{"href":"http:\/\/ampid.org.br\/site2020\/index.php?rest_route=%2Fwp%2Fv2%2Fmedia&parent=3460"}],"wp:term":[{"taxonomy":"category","embeddable":true,"href":"http:\/\/ampid.org.br\/site2020\/index.php?rest_route=%2Fwp%2Fv2%2Fcategories&post=3460"},{"taxonomy":"post_tag","embeddable":true,"href":"http:\/\/ampid.org.br\/site2020\/index.php?rest_route=%2Fwp%2Fv2%2Ftags&post=3460"}],"curies":[{"name":"wp","href":"https:\/\/api.w.org\/{rel}","templated":true}]}}