{"id":11564,"date":"2024-12-13T18:01:29","date_gmt":"2024-12-13T21:01:29","guid":{"rendered":"https:\/\/ampid.org.br\/site2020\/?p=11564"},"modified":"2024-12-13T18:01:29","modified_gmt":"2024-12-13T21:01:29","slug":"selo-tribunal-amigo-da-pessoa-idosa","status":"publish","type":"post","link":"http:\/\/ampid.org.br\/site2020\/?p=11564","title":{"rendered":"Selo &#8220;Tribunal Amigo da Pessoa Idosa&#8221;"},"content":{"rendered":"<p><img loading=\"lazy\" decoding=\"async\" class=\"alignnone size-medium wp-image-11565\" src=\"http:\/\/ampid.org.br\/site2020\/wp-content\/uploads\/2024\/12\/logo-cnj-plenario-gilferreira-300x169.jpg\" alt=\"\" width=\"300\" height=\"169\" srcset=\"http:\/\/ampid.org.br\/site2020\/wp-content\/uploads\/2024\/12\/logo-cnj-plenario-gilferreira-300x169.jpg 300w, http:\/\/ampid.org.br\/site2020\/wp-content\/uploads\/2024\/12\/logo-cnj-plenario-gilferreira-600x337.jpg 600w, http:\/\/ampid.org.br\/site2020\/wp-content\/uploads\/2024\/12\/logo-cnj-plenario-gilferreira.jpg 800w\" sizes=\"auto, (max-width: 300px) 100vw, 300px\" \/><\/p>\n<p lang=\"pt-PT\" align=\"center\">A <strong>PORTARIA PRESID\u00caNCIA N\u00ba 400 DE 27 DE NOVEMBRO DE 2024<\/strong>, que institui o Selo <strong>&#8220;Tribunal Amigo da Pessoa Idosa&#8221;<\/strong> e regulamenta os crit\u00e9rios para sua concess\u00e3o \u00e9 resultado do trabalho do Comit\u00ea do CNJ do qual fazem parte os membros da AMPID, Alexandre de Oliveira Alc\u00e2ntara, Maria Aparecida Gugel e Yelena Ara\u00fajo<\/p>\n<p lang=\"pt-PT\" align=\"center\"><span style=\"font-size: medium;\"><b>PORTARIA PRESID\u00caNCIA N\u00ba 400 DE 27 DE NOVEMBRO DE 2024.<\/b><\/span><\/p>\n<p class=\"western\" lang=\"pt-PT\" align=\"left\"><span style=\"font-size: small;\">Institui o Selo &#8220;Tribunal Amigo da Pessoa Idosa&#8221; e regulamenta os crit\u00e9rios para sua concess\u00e3o.<\/span><\/p>\n<p class=\"western\" lang=\"pt-PT\">O PRESIDENTE DO CONSELHO NACIONAL DE JUSTI\u00c7A (CNJ), no<\/p>\n<p class=\"western\" lang=\"pt-PT\">uso de suas atribui\u00e7\u00f5es legais e regimentais, e tendo em vista o contido no processo SEI\/CNJ n\u00ba 16113\/2024,<\/p>\n<p class=\"western\" lang=\"pt-PT\" align=\"justify\"><b>CONSIDERANDO <\/b>a necessidade de fortalecer a prote\u00e7\u00e3o dos direitos das pessoas idosas no \u00e2mbito do Poder Judici\u00e1rio, conforme previs\u00e3o do art. 16 da Resolu\u00e7\u00e3o CNJ n\u00ba 520\/2023;<\/p>\n<p class=\"western\" lang=\"pt-PT\">RESOLVE:<\/p>\n<p class=\"western\" lang=\"pt-PT\" align=\"justify\">Art. 1\u00ba Instituir, no \u00e2mbito do Poder Judici\u00e1rio, o Selo Tribunal Amigo da Pessoa Idosa, que ser\u00e1 concedido aos tribunais que demonstrarem a implementa\u00e7\u00e3o de a\u00e7\u00f5es efetivas para assegurar a prioridade de atendimento e o respeito aos direitos da pessoa idosa, em conformidade com o disposto no Estatuto da Pessoa Idosa (Lei n\u00ba 10.741\/2003) e na Constitui\u00e7\u00e3o Federal.<\/p>\n<p class=\"western\" lang=\"pt-PT\" align=\"justify\">Art. 2\u00ba Para a concess\u00e3o do Selo, os tribunais interessados dever\u00e3o demonstrar a\u00e7\u00f5es para o cumprimento dos seguintes requisitos:<\/p>\n<ol type=\"I\">\n<li>\n<p lang=\"pt-PT\" align=\"justify\">\u2013 <span style=\"font-size: small;\"><span style=\"font-size: medium;\">garantia de julgamento priorit\u00e1rio de processos judiciais envolvendo pessoas com 60 (sessenta) anos ou mais, observada a prioridade especial das pessoas com 80 (oitenta) anos ou mais;<\/span><\/span><\/p>\n<\/li>\n<li>\n<p lang=\"pt-PT\" align=\"justify\">\u2013 <span style=\"font-size: small;\"><span style=\"font-size: medium;\">implementa\u00e7\u00e3o de programas de capacita\u00e7\u00e3o cont\u00ednua para magistrados, servidores e colaboradores, visando ampliar a consci\u00eancia e quali\ufb01ca\u00e7\u00e3o para o atendimento de quest\u00f5es relacionadas ao envelhecimento, situa\u00e7\u00f5es de vulnerabilidades de pessoas idosas, \u00e0 discrimina\u00e7\u00e3o baseada na idade<\/span> <span style=\"font-size: medium;\">e \u00e0 defesa de seus direitos;<\/span><\/span><\/p>\n<\/li>\n<li>\n<p lang=\"pt-PT\" align=\"justify\">\u2013 <span style=\"font-size: small;\"><span style=\"font-size: medium;\">implementa\u00e7\u00e3o de o\ufb01cinas ou outras a\u00e7\u00f5es educacionais, nos moldes da Recomenda\u00e7\u00e3o CNJ n\u00ba 50\/2014, realizadas em qualquer momento, pr\u00e9- processual e processual, com vistas \u00e0 sensibiliza\u00e7\u00e3o das partes sobre a import\u00e2ncia da<\/span> <span style=\"font-size: medium;\">atua\u00e7\u00e3o<\/span> <span style=\"font-size: medium;\">conjunta<\/span> <span style=\"font-size: medium;\">da<\/span> <span style=\"font-size: medium;\">fam\u00edlia,<\/span> <span style=\"font-size: medium;\">da<\/span> <span style=\"font-size: medium;\">comunidade,<\/span> <span style=\"font-size: medium;\">da<\/span> <span style=\"font-size: medium;\">sociedade<\/span> <span style=\"font-size: medium;\">e<\/span> <span style=\"font-size: medium;\">do<\/span> <span style=\"font-size: medium;\">Poder<\/span> <span style=\"font-size: medium;\">P\u00fablico<\/span> <span style=\"font-size: medium;\">nos conflitos que envolvam pessoas idosas;<\/span><\/span><\/p>\n<\/li>\n<li>\n<p lang=\"pt-PT\" align=\"justify\">\u2013 <span style=\"font-size: small;\"><span style=\"font-size: medium;\">cria\u00e7\u00e3o do comit\u00ea multin\u00edvel, multissetorial e interinstitucional, com foco na promo\u00e7\u00e3o de pol\u00edticas p\u00fablicas judiciais de aten\u00e7\u00e3o a pessoas idosas, em colabora\u00e7\u00e3o com os demais parceiros da rede de prote\u00e7\u00e3o e defesa; e<\/span><\/span><\/p>\n<\/li>\n<li>\n<p lang=\"pt-PT\" align=\"justify\"><span style=\"font-size: small;\"><span style=\"font-size: medium;\">ado\u00e7\u00e3o de boas pr\u00e1ticas de governan\u00e7a sobre o tema, com a cria\u00e7\u00e3o de comiss\u00f5es ou n\u00facleos espec\u00ed\ufb01cos para tratar do assunto no \u00e2mbito dos <\/span><span style=\"font-size: medium;\">tribunais.<\/span><\/span><\/p>\n<\/li>\n<\/ol>\n<p>&nbsp;<\/p>\n<p class=\"western\" lang=\"pt-PT\" align=\"justify\">Art. 3\u00ba A avalia\u00e7\u00e3o dos tribunais para a concess\u00e3o do Selo Tribunal Amigo da Pessoa Idosa ser\u00e1 realizada por uma Comiss\u00e3o Julgadora, composta pelos seguintes membros:<\/p>\n<ol type=\"I\">\n<li>\n<p lang=\"pt-PT\" align=\"justify\">\u2013 <span style=\"font-size: small;\"><span style=\"font-size: medium;\">tr\u00eas<\/span> <span style=\"font-size: medium;\">conselheiros<\/span> <span style=\"font-size: medium;\">do<\/span> <span style=\"font-size: medium;\">CNJ,<\/span> <span style=\"font-size: medium;\">designados<\/span> <span style=\"font-size: medium;\">pela<\/span> <span style=\"font-size: medium;\">Presid\u00eancia<\/span> <span style=\"font-size: medium;\">do<\/span> <span style=\"font-size: medium;\">Conselho;<\/span><\/span><\/p>\n<\/li>\n<li>\n<p lang=\"pt-PT\" align=\"left\">\u2013 <span style=\"font-size: small;\"><span style=\"font-size: medium;\">um<\/span> <span style=\"font-size: medium;\">representante<\/span> <span style=\"font-size: medium;\">da<\/span> <span style=\"font-size: medium;\">Ordem<\/span> <span style=\"font-size: medium;\">dos<\/span> <span style=\"font-size: medium;\">Advogados<\/span> <span style=\"font-size: medium;\">do<\/span> <span style=\"font-size: medium;\">Brasil<\/span> <span style=\"font-size: medium;\">(OAB), indicado pela OAB nacional;<\/span><\/span><\/p>\n<\/li>\n<li>\n<p lang=\"pt-PT\" align=\"left\">\u2013 <span style=\"font-size: small;\"><span style=\"font-size: medium;\">um<\/span> <span style=\"font-size: medium;\">representante<\/span> <span style=\"font-size: medium;\">do<\/span> <span style=\"font-size: medium;\">Minist\u00e9rio<\/span> <span style=\"font-size: medium;\">P\u00fablico<\/span> <span style=\"font-size: medium;\">(MP),<\/span> <span style=\"font-size: medium;\">indicado<\/span> <span style=\"font-size: medium;\">pelo Conselho Nacional do Minist\u00e9rio P\u00fablico;<\/span><\/span><\/p>\n<\/li>\n<li>\n<p lang=\"pt-PT\" align=\"left\">\u2013 <span style=\"font-size: small;\"><span style=\"font-size: medium;\">um<\/span> <span style=\"font-size: medium;\">representante<\/span> <span style=\"font-size: medium;\">da<\/span> <span style=\"font-size: medium;\">Defensoria<\/span> <span style=\"font-size: medium;\">P\u00fablica<\/span> <span style=\"font-size: medium;\">(DP),<\/span> <span style=\"font-size: medium;\">indicado<\/span> <span style=\"font-size: medium;\">pela Associa\u00e7\u00e3o Nacional das Defensoras e Defensores P\u00fablicos (Anadep);<\/span><\/span><\/p>\n<\/li>\n<li>\n<p lang=\"pt-PT\" align=\"left\">\u2013 <span style=\"font-size: small;\"><span style=\"font-size: medium;\">um<\/span> <span style=\"font-size: medium;\">representante<\/span> <span style=\"font-size: medium;\">da<\/span> <span style=\"font-size: medium;\">sociedade<\/span> <span style=\"font-size: medium;\">civil,<\/span> <span style=\"font-size: medium;\">indicado<\/span> <span style=\"font-size: medium;\">pelo<\/span> <span style=\"font-size: medium;\">Conselho Nacional dos Direitos de Pessoa idosa;<\/span><\/span><\/p>\n<\/li>\n<li>\n<p lang=\"pt-PT\" align=\"left\">\u2013 <span style=\"font-size: small;\"><span style=\"font-size: medium;\">um representante da Seguran\u00e7a P\u00fablica, indicado pela Secretaria Nacional de Seguran\u00e7a P\u00fablica;<\/span><\/span><\/p>\n<\/li>\n<li>\n<p lang=\"pt-PT\" align=\"left\">\u2013 <span style=\"font-size: small;\"><span style=\"font-size: medium;\">um<\/span> <span style=\"font-size: medium;\">representante<\/span> <span style=\"font-size: medium;\">de<\/span> <span style=\"font-size: medium;\">Institui\u00e7\u00e3o<\/span> <span style=\"font-size: medium;\">de<\/span> <span style=\"font-size: medium;\">Ensino<\/span> <span style=\"font-size: medium;\">Superior<\/span> <span style=\"font-size: medium;\">ou<\/span> <span style=\"font-size: medium;\">de Pesquisa na \u00e1rea do envelhecimento.<\/span><\/span><\/p>\n<\/li>\n<\/ol>\n<p class=\"western\" lang=\"pt-PT\" align=\"justify\">\u00a7 1\u00ba A Comiss\u00e3o Julgadora publicar\u00e1 edital com a especi\ufb01ca\u00e7\u00e3o dos documentos e crit\u00e9rios de avalia\u00e7\u00e3o dos tribunais que pleitearem a concess\u00e3o do selo, indicando as pr\u00e1ticas que ser\u00e3o avaliadas.<\/p>\n<p class=\"western\" lang=\"pt-PT\" align=\"justify\">\u00a7 2\u00ba A Comiss\u00e3o poder\u00e1, sempre que necess\u00e1rio, solicitar informa\u00e7\u00f5es complementares aos tribunais ou realizar visitas t\u00e9cnicas para veri\ufb01car a implementa\u00e7\u00e3o das a\u00e7\u00f5es para o cumprimento da Pol\u00edtica Nacional.<\/p>\n<p class=\"western\" lang=\"pt-PT\" align=\"justify\">Art. 4\u00ba A concess\u00e3o do Selo ter\u00e1 validade de 2 (dois) anos, prazo correspondente ao ciclo avaliativo.<\/p>\n<p class=\"western\" lang=\"pt-PT\" align=\"justify\">Art. 5\u00ba Esta Portaria entra em vigor na data de sua publica\u00e7\u00e3o.<\/p>\n<p class=\"western\" lang=\"pt-PT\" align=\"center\"><span style=\"font-size: small;\">Ministro <b>Lu\u00eds<\/b><b> <\/b><b>Roberto<\/b><b> <\/b><b>Barroso<\/b><\/span><\/p>\n<p align=\"justify\"><span style=\"font-family: Arial, sans-serif;\"><span style=\"font-size: medium;\">Para acessar o documento em PDF,\u00a0 clique <a href=\"http:\/\/ampid.org.br\/site2020\/wp-content\/uploads\/2024\/12\/SEI_2038510_Portaria_Presidencia_400.pdf\">aqui<\/a><\/span><\/span><\/p>\n<p><span style=\"font-family: Arial, sans-serif;\">\u00a0<\/span><\/p>\n","protected":false},"excerpt":{"rendered":"<p>A PORTARIA PRESID\u00caNCIA N\u00ba 400 DE 27 DE NOVEMBRO DE 2024, que institui o Selo &#8220;Tribunal Amigo da Pessoa Idosa&#8221; e regulamenta os crit\u00e9rios para sua concess\u00e3o \u00e9 resultado do trabalho do Comit\u00ea do CNJ do qual fazem parte os membros da AMPID, Alexandre de Oliveira Alc\u00e2ntara, Maria Aparecida Gugel e Yelena Ara\u00fajo PORTARIA PRESID\u00caNCIA&#8230;<\/p>\n","protected":false},"author":2,"featured_media":11565,"comment_status":"open","ping_status":"open","sticky":false,"template":"","format":"standard","meta":{"_acf_changed":false,"inline_featured_image":false,"footnotes":""},"categories":[190,22,31,32],"tags":[191,91,35],"class_list":["post-11564","post","type-post","status-publish","format-standard","has-post-thumbnail","hentry","category-190","category-notas","category-pessoas-com-deficiencia","category-publicacoes-em-destaque","tag-191","tag-cotas","tag-pessoas-com-deficiencia-2"],"acf":[],"_links":{"self":[{"href":"http:\/\/ampid.org.br\/site2020\/index.php?rest_route=\/wp\/v2\/posts\/11564","targetHints":{"allow":["GET"]}}],"collection":[{"href":"http:\/\/ampid.org.br\/site2020\/index.php?rest_route=\/wp\/v2\/posts"}],"about":[{"href":"http:\/\/ampid.org.br\/site2020\/index.php?rest_route=\/wp\/v2\/types\/post"}],"author":[{"embeddable":true,"href":"http:\/\/ampid.org.br\/site2020\/index.php?rest_route=\/wp\/v2\/users\/2"}],"replies":[{"embeddable":true,"href":"http:\/\/ampid.org.br\/site2020\/index.php?rest_route=%2Fwp%2Fv2%2Fcomments&post=11564"}],"version-history":[{"count":4,"href":"http:\/\/ampid.org.br\/site2020\/index.php?rest_route=\/wp\/v2\/posts\/11564\/revisions"}],"predecessor-version":[{"id":11570,"href":"http:\/\/ampid.org.br\/site2020\/index.php?rest_route=\/wp\/v2\/posts\/11564\/revisions\/11570"}],"wp:featuredmedia":[{"embeddable":true,"href":"http:\/\/ampid.org.br\/site2020\/index.php?rest_route=\/wp\/v2\/media\/11565"}],"wp:attachment":[{"href":"http:\/\/ampid.org.br\/site2020\/index.php?rest_route=%2Fwp%2Fv2%2Fmedia&parent=11564"}],"wp:term":[{"taxonomy":"category","embeddable":true,"href":"http:\/\/ampid.org.br\/site2020\/index.php?rest_route=%2Fwp%2Fv2%2Fcategories&post=11564"},{"taxonomy":"post_tag","embeddable":true,"href":"http:\/\/ampid.org.br\/site2020\/index.php?rest_route=%2Fwp%2Fv2%2Ftags&post=11564"}],"curies":[{"name":"wp","href":"https:\/\/api.w.org\/{rel}","templated":true}]}}