{"id":11366,"date":"2024-04-11T10:23:44","date_gmt":"2024-04-11T13:23:44","guid":{"rendered":"https:\/\/ampid.org.br\/site2020\/?p=11366"},"modified":"2024-04-11T10:55:36","modified_gmt":"2024-04-11T13:55:36","slug":"nota-publica-sobre-estagio-especial-de-aprendizagem-para-pessoas-do-espectro-autista","status":"publish","type":"post","link":"http:\/\/ampid.org.br\/site2020\/?p=11366","title":{"rendered":"Nota P\u00fablica sobre est\u00e1gio especial de aprendizagem para pessoas do espectro autista"},"content":{"rendered":"<p><img loading=\"lazy\" decoding=\"async\" class=\"alignnone size-medium wp-image-9668\" src=\"http:\/\/ampid.org.br\/site2020\/wp-content\/uploads\/2020\/07\/pub-1-300x125.jpg\" alt=\"\" width=\"300\" height=\"125\" srcset=\"http:\/\/ampid.org.br\/site2020\/wp-content\/uploads\/2020\/07\/pub-1-300x125.jpg 300w, http:\/\/ampid.org.br\/site2020\/wp-content\/uploads\/2020\/07\/pub-1-1024x427.jpg 1024w, http:\/\/ampid.org.br\/site2020\/wp-content\/uploads\/2020\/07\/pub-1.jpg 1920w\" sizes=\"auto, (max-width: 300px) 100vw, 300px\" \/><\/p>\n<h6 class=\"western\" lang=\"pt-PT\" align=\"center\"><strong><span style=\"color: #00050a;\"><span style=\"font-family: Arial, sans-serif;\">NOTA P\u00daBLICA SOBRE O PROJETO DE LEI N\u00b0 5.813\/2023 SOBRE EST\u00c1GIO ESPECIAL DE APRENDIZAGEM PARA PESSOAS COM DIAGN\u00d3STICO DE TRANSTORNO DO ESPECTRO AUTISTA<\/span><\/span><\/strong><\/h6>\n<p class=\"western\" align=\"justify\"><span style=\"font-family: Arial, sans-serif;\"><span style=\"font-size: medium;\"><b>A Associa\u00e7\u00e3o Nacional dos Membros do Minist\u00e9rio P\u00fablico de Defesa dos Direitos das Pessoas com Defici\u00eancia e Idosos \u2013 AMPID<\/b><\/span><\/span><span style=\"font-family: Arial, sans-serif;\"><span style=\"font-size: medium;\"> vem a p\u00fablico se posicionar <\/span><\/span><span style=\"font-family: Arial, sans-serif;\"><span style=\"font-size: medium;\"><b>CONTRA<\/b><\/span><\/span><span style=\"font-family: Arial, sans-serif;\"><span style=\"font-size: medium;\"> o <\/span><\/span><span style=\"font-family: Arial, sans-serif;\"><span style=\"font-size: medium;\"><b>Projeto de Lei <\/b><\/span><\/span><span style=\"color: #333333;\"><span style=\"font-family: Arial, sans-serif;\"><span style=\"font-size: medium;\"><b>n\u00b0 5.813\/2023<\/b><\/span><\/span><\/span><span style=\"color: #333333;\"><span style=\"font-family: Arial, sans-serif;\"><span style=\"font-size: medium;\">, de <\/span><\/span><\/span><span style=\"color: #333333;\"><span style=\"font-family: Arial, sans-serif;\"><span style=\"font-size: medium;\"><b>autoria da Deputada Federal IZA ARRUDA (MDB\/PE)<\/b><\/span><\/span><\/span> <span style=\"font-family: Arial, sans-serif;\"><span style=\"font-size: medium;\">que trata de \u201cest\u00e1gio especial de aprendizagem\u201d como forma\u00e7\u00e3o e treinamento desenvolvido no ambiente de trabalho, supervisionado pelo concedente de est\u00e1gio e assistido por uma equipe especializada, visando ao trabalho produtivo de pessoas com diagn\u00f3stico de transtorno do espectro autista (artigo 1\u00ba do projeto de lei).<\/span><\/span><\/p>\n<p class=\"western\" align=\"justify\"><span style=\"font-family: Arial, sans-serif;\"><span style=\"font-size: medium;\"><b>1.<\/b><\/span><\/span><span style=\"font-family: Arial, sans-serif;\"><span style=\"font-size: medium;\"> As proposi\u00e7\u00f5es do projeto de lei <\/span><\/span><span style=\"color: #333333;\"><span style=\"font-family: Arial, sans-serif;\"><span style=\"font-size: medium;\">n\u00b0 5.813\/2023<\/span><\/span><\/span> <span style=\"font-family: Arial, sans-serif;\"><span style=\"font-size: medium;\">se dirigem exclusivamente \u00e0s <\/span><\/span><span style=\"font-family: Arial, sans-serif;\"><span style=\"font-size: medium;\">pessoas com diagn\u00f3stico de transtorno do espectro autista<\/span><\/span><span style=\"font-family: Arial, sans-serif;\"><span style=\"font-size: medium;\"> e provocam uma dissocia\u00e7\u00e3o jur\u00eddica e social para todas as demais pessoas com defici\u00eancia.<\/span><\/span><\/p>\n<p class=\"western\" align=\"justify\"><span style=\"font-family: Arial, sans-serif;\"><span style=\"font-size: medium;\"><b>2.<\/b><\/span><\/span><span style=\"font-family: Arial, sans-serif;\"><span style=\"font-size: medium;\"> As proposi\u00e7\u00f5es do projeto de lei <\/span><\/span><span style=\"color: #333333;\"><span style=\"font-family: Arial, sans-serif;\"><span style=\"font-size: medium;\">n\u00b0 5.813\/2023<\/span><\/span><\/span> <span style=\"font-family: Arial, sans-serif;\"><span style=\"font-size: medium;\">s\u00e3o contr\u00e1rias \u00e0 CONSTITUI\u00c7\u00c3O DA REP\u00daBLICA, \u00e0 CONVEN\u00c7\u00c3O SOBRE OS DIREITOS DAS PESSOAS COM DEFICI\u00caNCIA (CDPD &#8211; Decreto n<\/span><\/span><span style=\"font-family: Times New Roman, serif;\"><span style=\"font-size: medium;\">\u00b0<\/span><\/span><span style=\"font-family: Arial, sans-serif;\"><span style=\"font-size: medium;\"> 6949\/2009) e \u00e0 LEI BRASILEIRA DE INCLUS\u00c3O DA PESSOA COM DEFICI\u00caNCIA (LBI &#8211; Lei n<\/span><\/span><span style=\"font-family: Times New Roman, serif;\"><span style=\"font-size: medium;\">\u00b0<\/span><\/span><span style=\"font-family: Arial, sans-serif;\"><span style=\"font-size: medium;\"> 13.146\/2015).<\/span><\/span><\/p>\n<p class=\"western\" align=\"justify\"><span style=\"font-family: Arial, sans-serif;\"><span style=\"font-size: medium;\"><b>3.<\/b><\/span><\/span><span style=\"font-family: Arial, sans-serif;\"><span style=\"font-size: medium;\"> Ao tratar do trabalho e emprego, a CDPD enfatiza o direito das pessoas com defici\u00eancia em igualdade de oportunidades com as demais pessoas, inclusive ao acesso aos programas de orienta\u00e7\u00e3o profissional e \u00e0 aquisi\u00e7\u00e3o de experi\u00eancia de trabalho (Artigo 27, letras d, j), salientando que os ambientes de trabalho devem ser inclusivos, acess\u00edveis e com a garantia de fornecimento de recursos de tecnologia assistiva e adapta\u00e7\u00e3o razo\u00e1vel para cada caso (Artigo 27, letra i da CDPD e 34 da LBI). <\/span><\/span><span style=\"font-family: Arial, sans-serif;\"><span style=\"font-size: medium;\"><u>Todos esses direitos se aplicam \u00e0s pessoas com defici\u00eancia aprendizes, inclu\u00eddas as pessoas com autismo<\/u><\/span><\/span><span style=\"font-family: Arial, sans-serif;\"><span style=\"font-size: medium;\">.<\/span><\/span><\/p>\n<p class=\"western\" align=\"justify\"><span style=\"font-family: Arial, sans-serif;\"><span style=\"font-size: medium;\"><b>4.<\/b><\/span><\/span><span style=\"font-family: Arial, sans-serif;\"><span style=\"font-size: medium;\"> A todos os aprendizes e a todas as aprendizes, inclu\u00eddos aprendizes com defici\u00eancia e sem importar a natureza da defici\u00eancia (f\u00edsica, sensorial, intelectual ou mental), s\u00e3o aplicadas as regras da aprendizagem previstas na CONSOLIDA\u00c7\u00c3O DAS LEIS DO TRABALHO (CLT, 428, 431, 432 e 433) e na LEI BRASILEIRA DE INCLUS\u00c3O DA PESSOA COM DEFICI\u00caNCIA (LBI, artigo 97). N\u00e3o s\u00e3o necess\u00e1rios outros mecanismos para fazer valer a aprendizagem para pessoas com autismo, pois j\u00e1 os temos!<\/span><\/span><\/p>\n<p class=\"western\" align=\"justify\"><span style=\"font-family: Arial, sans-serif;\"><span style=\"font-size: medium;\"><b>5.<\/b><\/span><\/span><span style=\"font-family: Arial, sans-serif;\"><span style=\"font-size: medium;\"> Verifica-se no projeto de lei <\/span><\/span><span style=\"color: #333333;\"><span style=\"font-family: Arial, sans-serif;\"><span style=\"font-size: medium;\">n\u00b0 5.813\/2023<\/span><\/span><\/span> <span style=\"font-family: Arial, sans-serif;\"><span style=\"font-size: medium;\">a previs\u00e3o de regras que desnaturam a aprendizagem, ora a confundindo com \u201cest\u00e1gio\u201d (que tem regramento pr\u00f3prio), ora dando-lhe dura\u00e7\u00e3o indefinida e por meio de um termo de compromisso &#8211; \u201cA dura\u00e7\u00e3o do est\u00e1gio ser\u00e1 definida no termo de compromisso e poder\u00e1 ser prorrogada sempre que as partes entenderem conveniente\u201d -.<\/span><\/span><\/p>\n<p class=\"western\" align=\"justify\"><span style=\"font-family: Arial, sans-serif;\"><span style=\"font-size: medium;\"><b>5.<\/b><\/span><\/span><span style=\"font-family: Arial, sans-serif;\"><span style=\"font-size: medium;\"> Tenha-se em mente que o contrato de aprendizagem para a pessoa com defici\u00eancia, inclu\u00eddas as pessoas com autismo, \u00e9 um meio de forma\u00e7\u00e3o\/habilita\u00e7\u00e3o profissional para atingir a inclus\u00e3o efetiva no mundo do trabalho em futuras coloca\u00e7\u00f5es competitivas. O contrato de aprendizagem n\u00e3o \u00e9 um fim em si mesmo, portanto, n\u00e3o pode ter dura\u00e7\u00e3o segundo a vontade do ente concedente. Essa pr\u00e1tica, j\u00e1 dissemos em outras notas p\u00fablicas, tenderia a privar as empresas da presen\u00e7a de outras pessoas com e sem defici\u00eancia com direito \u00e0 aprendizagem. Tenderia, tamb\u00e9m, a privar nos ambientes de trabalho a altern\u00e2ncia da diversidade humana das defici\u00eancias (f\u00edsica, sensorial, mental e intelectual) e, em \u00faltima an\u00e1lise, tenderia a inibir o direito de escolha da pr\u00f3pria pessoa com defici\u00eancia\/pessoa com autismo em vivenciar outras possibilidades e modalidades de profissionaliza\u00e7\u00e3o em diferentes empresas.<\/span><\/span><\/p>\n<p class=\"western\" align=\"justify\"><span style=\"font-family: Arial, sans-serif;\"><span style=\"font-size: medium;\"><b>6.<\/b><\/span><\/span><span style=\"font-family: Arial, sans-serif;\"><span style=\"font-size: medium;\"> Outra <\/span><\/span><span style=\"font-family: Arial, sans-serif;\"><span style=\"font-size: medium;\"><u>proposta que \u00e9 grave, e cuja altera\u00e7\u00e3o \u00e9 sorrateira<\/u><\/span><\/span><span style=\"font-family: Arial, sans-serif;\"><span style=\"font-size: medium;\">, no projeto de lei <\/span><\/span><span style=\"color: #333333;\"><span style=\"font-family: Arial, sans-serif;\"><span style=\"font-size: medium;\">n\u00b0 5.813\/2023 \u00e9 a previs\u00e3o final de que \u201c<\/span><\/span><\/span><span style=\"color: #333333;\"><span style=\"font-family: Arial, sans-serif;\"><span style=\"font-size: medium;\"><u>a vaga de est\u00e1gio ser\u00e1 computada para o preenchimento da reserva de vagas de que trata o art. 93 da Lei n\u00ba 8.213, de 24 de julho de 1991<\/u><\/span><\/span><\/span><span style=\"color: #333333;\"><span style=\"font-family: Arial, sans-serif;\"><span style=\"font-size: medium;\">\u201d. A proposta \u00e9 sorrateira porque quer desvirtuar a reserva de cargos (cota) em empresas com cem ou mais empregados. J\u00e1 est\u00e1 assentado em lei que para a reserva de cargos (cota) \u00e9 considerada somente a contrata\u00e7\u00e3o direta de pessoa com defici\u00eancia <\/span><\/span><\/span><span style=\"color: #333333;\"><span style=\"font-family: Arial, sans-serif;\"><span style=\"font-size: medium;\"><u>EXCLU\u00cdDO O APRENDIZ COM DEFICI\u00caNCIA (artigo 93 par\u00e1grafo 3\u00ba da Lei n\u00b0 8.213\/1991)<\/u><\/span><\/span><\/span><span style=\"color: #333333;\"><span style=\"font-family: Arial, sans-serif;\"><span style=\"font-size: medium;\">. Com esse entendimento a LEI BRASILEIRA DE INCLUS\u00c3O DA PESSOA COM DEFICI\u00caNCIA (artigo 101) p\u00f4s p\u00e1 de cal em propostas que afetem a reserva de cargos (cota), a qual \u00e9 constitu\u00edda somente por trabalhadores e trabalhadoras com defici\u00eancia adultas e produtivas.<\/span><\/span><\/span><\/p>\n<p class=\"western\" align=\"justify\"><span style=\"color: #333333;\"><span style=\"font-family: Arial, sans-serif;\"><span style=\"font-size: medium;\"><b>7.<\/b><\/span><\/span><\/span><span style=\"color: #333333;\"><span style=\"font-family: Arial, sans-serif;\"><span style=\"font-size: medium;\"> A proposta n\u00e3o est\u00e1 comprometida com o princ\u00edpio da igualdade de oportunidades das pessoas com defici\u00eancia em rela\u00e7\u00e3o com as demais pessoas quando prev\u00ea que \u201c<\/span><\/span><\/span><span style=\"color: #333333;\"><span style=\"font-family: Arial, sans-serif;\"><span style=\"font-size: medium;\"><u>a vaga de aprendiz ser\u00e1 computada simultaneamente para os fins do disposto no inciso I deste artigo e para o disposto no art. 429 da CLT\u201d<\/u><\/span><\/span><\/span><span style=\"color: #333333;\"><span style=\"font-family: Arial, sans-serif;\"><span style=\"font-size: medium;\">. Como todo respeito, o \u201cest\u00e1gio de aprendizagem\u201d pretendido cria uma modalidade que <\/span><\/span><\/span><span style=\"color: #333333;\"><span style=\"font-family: Arial, sans-serif;\"><span style=\"font-size: medium;\"><u>beneficia t\u00e3o somente pessoas com autismo<\/u><\/span><\/span><\/span><span style=\"color: #333333;\"><span style=\"font-family: Arial, sans-serif;\"><span style=\"font-size: medium;\">, justificadas no projeto de lei 5.813\/2023 como sendo \u201caquelas pessoas com transtorno do espectro autista com comprometimento cognitivo ou gravidade n\u00edvel 2 (necessidade de apoio moderado)\u201d. <\/span><\/span><\/span><\/p>\n<p class=\"western\" align=\"justify\"><span style=\"font-family: Arial, sans-serif;\"><span style=\"font-size: medium;\"><b>8.<\/b><\/span><\/span><span style=\"font-family: Arial, sans-serif;\"><span style=\"font-size: medium;\"> Por fim, aponta-se a necessidade de <\/span><\/span><span style=\"font-family: Arial, sans-serif;\"><span style=\"font-size: medium;\"><b>consulta a pessoas com defici\u00eancia e demais organiza\u00e7\u00f5es representativas de pessoas com defici\u00eancia para ouvir delas se aceitariam as regras do projeto de lei 5.813<\/b><\/span><\/span><span style=\"color: #333333;\"><span style=\"font-family: Arial, sans-serif;\"><span style=\"font-size: medium;\"><b>\/2023<\/b><\/span><\/span><\/span> <span style=\"font-family: Arial, sans-serif;\"><span style=\"font-size: medium;\"><u><b>que as colocam em desigualdade no processo de aprendizagem<\/b><\/u><\/span><\/span><span style=\"font-family: Arial, sans-serif;\"><span style=\"font-size: medium;\">. Lembre-se que nosso ordenamento jur\u00eddico incorporou a CDPD, ratificada com <\/span><\/span><span style=\"font-family: Arial, sans-serif;\"><span style=\"font-size: medium;\"><i>status<\/i><\/span><\/span><span style=\"font-family: Arial, sans-serif;\"><span style=\"font-size: medium;\"> de emenda constitucional, que obriga o Estado brasileiro, quando da elabora\u00e7\u00e3o ou implementa\u00e7\u00e3o de legisla\u00e7\u00e3o e pol\u00edticas, \u00e0 constru\u00e7\u00e3o progressiva de direitos das pessoas com defici\u00eancia com a sua efetiva participa\u00e7\u00e3o. \u00c9 o que consta do Artigo 4, item 3 da CDPD que trata das obriga\u00e7\u00f5es do Estado Parte. Portanto, as pessoas com defici\u00eancia e suas organiza\u00e7\u00f5es representativas devem ser obrigatoriamente ouvidas nesse processo legislativo.<\/span><\/span><\/p>\n<p class=\"western\" align=\"justify\"><span style=\"font-family: Arial, sans-serif;\"><span style=\"font-size: medium;\"><b>9. A AMPID se posiciona CONTR\u00c1RIA AO PROJETO DE LEI 5.813<\/b><\/span><\/span><span style=\"color: #333333;\"><span style=\"font-family: Arial, sans-serif;\"><span style=\"font-size: medium;\"><b>\/2023 e sugere seu ARQUIVAMENTO.<\/b><\/span><\/span><\/span><\/p>\n<p class=\"western\"><span style=\"font-family: Arial, sans-serif;\"><span style=\"font-size: medium;\">Bras\u00edlia, 08 de abril de 2024.<\/span><\/span><\/p>\n<p class=\"western\"><span style=\"font-family: Arial, sans-serif;\"><span style=\"font-size: medium;\"><b>Cristiane Lucas Branquinho \u2013 Vice-Presidenta<\/b><\/span><\/span><\/p>\n<p class=\"western\"><span style=\"font-family: Arial, sans-serif;\"><span style=\"font-size: medium;\"><b>Maria Aparecida Gugel \u2013 Conselho Cient\u00edfico<\/b><\/span><\/span><\/p>\n<p><span style=\"font-family: Arial, sans-serif;\"><span style=\"font-size: medium;\">Para acessar a nota em PDF, clique <a href=\"http:\/\/ampid.org.br\/site2020\/wp-content\/uploads\/2024\/04\/NotaPublica_PL5813_EstagioAprendizagemPessoaAutista_2024-1.pdf\">aqui<\/a><\/span><\/span><\/p>\n","protected":false},"excerpt":{"rendered":"<p>NOTA P\u00daBLICA SOBRE O PROJETO DE LEI N\u00b0 5.813\/2023 SOBRE EST\u00c1GIO ESPECIAL DE APRENDIZAGEM PARA PESSOAS COM DIAGN\u00d3STICO DE TRANSTORNO DO ESPECTRO AUTISTA A Associa\u00e7\u00e3o Nacional dos Membros do Minist\u00e9rio P\u00fablico de Defesa dos Direitos das Pessoas com Defici\u00eancia e Idosos \u2013 AMPID vem a p\u00fablico se posicionar CONTRA o Projeto de Lei n\u00b0 5.813\/2023,&#8230;<\/p>\n","protected":false},"author":2,"featured_media":9668,"comment_status":"open","ping_status":"open","sticky":false,"template":"","format":"standard","meta":{"_acf_changed":false,"inline_featured_image":false,"footnotes":""},"categories":[190,22,31,32],"tags":[191,25,35],"class_list":["post-11366","post","type-post","status-publish","format-standard","has-post-thumbnail","hentry","category-190","category-notas","category-pessoas-com-deficiencia","category-publicacoes-em-destaque","tag-191","tag-ampid","tag-pessoas-com-deficiencia-2"],"acf":[],"_links":{"self":[{"href":"http:\/\/ampid.org.br\/site2020\/index.php?rest_route=\/wp\/v2\/posts\/11366","targetHints":{"allow":["GET"]}}],"collection":[{"href":"http:\/\/ampid.org.br\/site2020\/index.php?rest_route=\/wp\/v2\/posts"}],"about":[{"href":"http:\/\/ampid.org.br\/site2020\/index.php?rest_route=\/wp\/v2\/types\/post"}],"author":[{"embeddable":true,"href":"http:\/\/ampid.org.br\/site2020\/index.php?rest_route=\/wp\/v2\/users\/2"}],"replies":[{"embeddable":true,"href":"http:\/\/ampid.org.br\/site2020\/index.php?rest_route=%2Fwp%2Fv2%2Fcomments&post=11366"}],"version-history":[{"count":9,"href":"http:\/\/ampid.org.br\/site2020\/index.php?rest_route=\/wp\/v2\/posts\/11366\/revisions"}],"predecessor-version":[{"id":11370,"href":"http:\/\/ampid.org.br\/site2020\/index.php?rest_route=\/wp\/v2\/posts\/11366\/revisions\/11370"}],"wp:featuredmedia":[{"embeddable":true,"href":"http:\/\/ampid.org.br\/site2020\/index.php?rest_route=\/wp\/v2\/media\/9668"}],"wp:attachment":[{"href":"http:\/\/ampid.org.br\/site2020\/index.php?rest_route=%2Fwp%2Fv2%2Fmedia&parent=11366"}],"wp:term":[{"taxonomy":"category","embeddable":true,"href":"http:\/\/ampid.org.br\/site2020\/index.php?rest_route=%2Fwp%2Fv2%2Fcategories&post=11366"},{"taxonomy":"post_tag","embeddable":true,"href":"http:\/\/ampid.org.br\/site2020\/index.php?rest_route=%2Fwp%2Fv2%2Ftags&post=11366"}],"curies":[{"name":"wp","href":"https:\/\/api.w.org\/{rel}","templated":true}]}}