{"id":11279,"date":"2023-10-30T18:26:30","date_gmt":"2023-10-30T21:26:30","guid":{"rendered":"http:\/\/ampid.org.br\/site2020\/?p=11279"},"modified":"2023-10-30T18:55:01","modified_gmt":"2023-10-30T21:55:01","slug":"nota-de-repudio-a-segunda-apuracao-do-censo-de-2022","status":"publish","type":"post","link":"http:\/\/ampid.org.br\/site2020\/?p=11279","title":{"rendered":"Nota de Rep\u00fadio \u00e0 Segunda Apura\u00e7\u00e3o do Censo de 2022"},"content":{"rendered":"<p><img loading=\"lazy\" decoding=\"async\" class=\"alignnone size-medium wp-image-9667\" src=\"http:\/\/ampid.org.br\/site2020\/wp-content\/uploads\/2020\/07\/rep-300x125.jpg\" alt=\"\" width=\"300\" height=\"125\" srcset=\"http:\/\/ampid.org.br\/site2020\/wp-content\/uploads\/2020\/07\/rep-300x125.jpg 300w, http:\/\/ampid.org.br\/site2020\/wp-content\/uploads\/2020\/07\/rep-1024x427.jpg 1024w, http:\/\/ampid.org.br\/site2020\/wp-content\/uploads\/2020\/07\/rep.jpg 1920w\" sizes=\"auto, (max-width: 300px) 100vw, 300px\" \/><\/p>\n<p style=\"text-align: left;\"><span style=\"font-family: Arial, sans-serif;\"><span style=\"font-size: medium;\"><b>NOTA DE REP\u00daDIO \u00c0 SEGUNDA APURA\u00c7\u00c3O DO CENSO DE 2022 <\/b><\/span><\/span><\/p>\n<p style=\"text-align: left;\" align=\"justify\"><span style=\"font-family: Arial, sans-serif;\"><span style=\"font-size: medium;\"> A <b>Associa\u00e7\u00e3o Nacional dos Membros do Minist\u00e9rio P\u00fablico de Defesa dos Direitos das Pessoas com Defici\u00eancia e Idosos (AMPID)<\/b>, repudia a publica\u00e7\u00e3o da segunda apura\u00e7\u00e3o do CENSO de 2022 que, de forma EQUIVOCADA, mencionou que no Brasil as pessoas idosas s\u00e3o as que possuem 65 anos ou mais.<\/span><\/span><\/p>\n<p style=\"text-align: left;\" align=\"justify\"><span style=\"font-family: Arial, sans-serif;\"><span style=\"font-size: medium;\"> Em 2003 foi publicado o Estatuto da Pessoa Idosa (que neste ano completou 20 anos), declarando que no Brasil s\u00e3o consideradas pessoas idosas aquelas com idade igual ou superior a 60 (sessenta) anos. <\/span><\/span><\/p>\n<p style=\"text-align: left;\" align=\"justify\"><span style=\"font-family: Arial, sans-serif;\"><span style=\"font-size: medium;\"> O Brasil \u00e9 um pa\u00eds com extensa \u00e1rea territorial, dividido em cinco regi\u00f5es, com popula\u00e7\u00e3o bastante heterog\u00eanea, alto \u00edndice de desigualdade social e com muitas pessoas idosas pobres sem acesso \u00e0 renda suficiente para seu sustento, n\u00e3o se equiparando aos pa\u00edses ricos, onde s\u00e3o consideradas pessoas idosas aquelas com 65 anos ou mais. Importante destacar que toda a an\u00e1lise estat\u00edstica do IBGE em rela\u00e7\u00e3o ao envelhecimento partiu de uma premissa errada (65 anos ou mais), produzindo, portanto, dados que n\u00e3o retratam a realidade brasileira, o que \u00e9 inadmiss\u00edvel. <\/span><\/span><\/p>\n<p style=\"text-align: left;\" align=\"justify\"><span style=\"font-family: Arial, sans-serif;\"><span style=\"font-size: medium;\"> H\u00e1 a necessidade URGENTE de que novos dados sejam apresentados, considerando o marco legal correto. Os dados, quando CORRIGIDOS pelo IBGE, refor\u00e7ar\u00e3o a necessidade premente de se dar VISIBILIDADE \u00e0 popula\u00e7\u00e3o idosa e de promover pol\u00edticas p\u00fablicas que assegurem a sua dignidade. <\/span><\/span><\/p>\n<p style=\"text-align: left;\" align=\"justify\"><span style=\"font-family: Arial, sans-serif;\"><span style=\"font-size: medium;\"> Por essa raz\u00e3o a AMPID vem a p\u00fablico repudiar os dados apresentados pelo IBGE na publica\u00e7\u00e3o do dia 27.10.2023, em seu site oficial (ag\u00eancia IBGE not\u00edcias), requerendo a r\u00e1pida repara\u00e7\u00e3o, com a publica\u00e7\u00e3o de novos dados, considerando a correta idade das pessoas idosas, que \u00e9 60 anos ou mais.<\/span><\/span><\/p>\n<p><span style=\"font-family: Arial, sans-serif;\"><span style=\"font-size: medium;\">S\u00e3o Paulo, 30 de outubro de 2023.<\/span><\/span><\/p>\n<p><span style=\"font-family: Arial, sans-serif;\"><span style=\"font-size: medium;\">Sandra L\u00facia Garcia Massud &#8211; Presidenta<\/span><\/span><\/p>\n<p><span style=\"font-family: Arial, sans-serif;\"><span style=\"font-size: medium;\">Cristiane Branquinho Lucas &#8211; Vice-Presidenta<\/span><\/span><\/p>\n<p><span style=\"font-family: Arial, sans-serif;\"><span style=\"font-size: medium;\">Alexandre de Oliveira Alc\u00e2ntara &#8211; Conselho Cient\u00edfico <\/span><\/span><\/p>\n<p><span style=\"font-family: Arial, sans-serif;\"><span style=\"font-size: medium;\">Para acessar a nota em PDF, clique\u00a0<a href=\"http:\/\/ampid.org.br\/site2020\/wp-content\/uploads\/2023\/10\/NOTA-DE-REP\u00daDIO-\u00c0-SEGUNDA-APURA\u00c7\u00c3O-DO-CENSO-DE-2022-.pdf\">aqui<\/a><\/span><\/span><\/p>\n","protected":false},"excerpt":{"rendered":"<p>NOTA DE REP\u00daDIO \u00c0 SEGUNDA APURA\u00c7\u00c3O DO CENSO DE 2022 A Associa\u00e7\u00e3o Nacional dos Membros do Minist\u00e9rio P\u00fablico de Defesa dos Direitos das Pessoas com Defici\u00eancia e Idosos (AMPID), repudia a publica\u00e7\u00e3o da segunda apura\u00e7\u00e3o do CENSO de 2022 que, de forma EQUIVOCADA, mencionou que no Brasil as pessoas idosas s\u00e3o as que possuem 65&#8230;<\/p>\n","protected":false},"author":2,"featured_media":9667,"comment_status":"open","ping_status":"open","sticky":false,"template":"","format":"standard","meta":{"_acf_changed":false,"inline_featured_image":false,"footnotes":""},"categories":[175,22,31,32],"tags":[154,25,187,42,90],"class_list":["post-11279","post","type-post","status-publish","format-standard","has-post-thumbnail","hentry","category-175","category-notas","category-pessoas-com-deficiencia","category-publicacoes-em-destaque","tag-154","tag-ampid","tag-ibge-2022","tag-idosos-2","tag-pessoas-idosas"],"acf":[],"_links":{"self":[{"href":"http:\/\/ampid.org.br\/site2020\/index.php?rest_route=\/wp\/v2\/posts\/11279","targetHints":{"allow":["GET"]}}],"collection":[{"href":"http:\/\/ampid.org.br\/site2020\/index.php?rest_route=\/wp\/v2\/posts"}],"about":[{"href":"http:\/\/ampid.org.br\/site2020\/index.php?rest_route=\/wp\/v2\/types\/post"}],"author":[{"embeddable":true,"href":"http:\/\/ampid.org.br\/site2020\/index.php?rest_route=\/wp\/v2\/users\/2"}],"replies":[{"embeddable":true,"href":"http:\/\/ampid.org.br\/site2020\/index.php?rest_route=%2Fwp%2Fv2%2Fcomments&post=11279"}],"version-history":[{"count":3,"href":"http:\/\/ampid.org.br\/site2020\/index.php?rest_route=\/wp\/v2\/posts\/11279\/revisions"}],"predecessor-version":[{"id":11282,"href":"http:\/\/ampid.org.br\/site2020\/index.php?rest_route=\/wp\/v2\/posts\/11279\/revisions\/11282"}],"wp:featuredmedia":[{"embeddable":true,"href":"http:\/\/ampid.org.br\/site2020\/index.php?rest_route=\/wp\/v2\/media\/9667"}],"wp:attachment":[{"href":"http:\/\/ampid.org.br\/site2020\/index.php?rest_route=%2Fwp%2Fv2%2Fmedia&parent=11279"}],"wp:term":[{"taxonomy":"category","embeddable":true,"href":"http:\/\/ampid.org.br\/site2020\/index.php?rest_route=%2Fwp%2Fv2%2Fcategories&post=11279"},{"taxonomy":"post_tag","embeddable":true,"href":"http:\/\/ampid.org.br\/site2020\/index.php?rest_route=%2Fwp%2Fv2%2Ftags&post=11279"}],"curies":[{"name":"wp","href":"https:\/\/api.w.org\/{rel}","templated":true}]}}