{"id":11183,"date":"2023-07-20T13:33:02","date_gmt":"2023-07-20T16:33:02","guid":{"rendered":"http:\/\/ampid.org.br\/site2020\/?p=11183"},"modified":"2023-07-20T13:37:36","modified_gmt":"2023-07-20T16:37:36","slug":"nova-ferramenta-de-pesquisa-sobre-o-cumprimento-da-reserva-de-cargos-e-cota-aprendiz","status":"publish","type":"post","link":"http:\/\/ampid.org.br\/site2020\/?p=11183","title":{"rendered":"Nova ferramenta de pesquisa sobre o cumprimento da reserva de cargos\u00a0e\u00a0cota\u00a0aprendiz"},"content":{"rendered":"<p><img loading=\"lazy\" decoding=\"async\" class=\"alignnone size-medium wp-image-11184\" src=\"http:\/\/ampid.org.br\/site2020\/wp-content\/uploads\/2023\/07\/Gov.br_logo.svg-300x108.png\" alt=\"\" width=\"300\" height=\"108\" srcset=\"http:\/\/ampid.org.br\/site2020\/wp-content\/uploads\/2023\/07\/Gov.br_logo.svg-300x108.png 300w, http:\/\/ampid.org.br\/site2020\/wp-content\/uploads\/2023\/07\/Gov.br_logo.svg.png 743w\" sizes=\"auto, (max-width: 300px) 100vw, 300px\" \/><\/p>\n<p>&nbsp;<\/p>\n<p><strong>Nova ferramenta de pesquisa sobre o cumprimento da reserva de cargos\u00a0e\u00a0cota\u00a0aprendiz<\/strong><\/p>\n<p>Uma nova ferramenta de pesquisa foi lan\u00e7ada pelo Minist\u00e9rio do Trabalho e Emprego que permite verificar o cumprimento da reserva de cargos para pessoas com defici\u00eancia e pessoas reabilitadas em empresas com cem ou mais empregados, al\u00e9m da cota de aprendizes.<\/p>\n<p>Basta informar o CNPJ da empresa para que os \u00f3rg\u00e3os de fiscaliza\u00e7\u00e3o e controle obtenham a informa\u00e7\u00e3o oficial sobre a empresa estar ou n\u00e3o cumprindo as cotas.<\/p>\n<p>Confira <a href=\"https:\/\/certidoes.sit.trabalho.gov.br\/\">aqui<\/a><\/p>\n","protected":false},"excerpt":{"rendered":"<p>&nbsp; Nova ferramenta de pesquisa sobre o cumprimento da reserva de cargos\u00a0e\u00a0cota\u00a0aprendiz Uma nova ferramenta de pesquisa foi lan\u00e7ada pelo Minist\u00e9rio do Trabalho e Emprego que permite verificar o cumprimento da reserva de cargos para pessoas com defici\u00eancia e pessoas reabilitadas em empresas com cem ou mais empregados, al\u00e9m da cota de aprendizes. Basta informar&#8230;<\/p>\n","protected":false},"author":2,"featured_media":11185,"comment_status":"open","ping_status":"open","sticky":false,"template":"","format":"standard","meta":{"_acf_changed":false,"inline_featured_image":false,"footnotes":""},"categories":[175,31,32],"tags":[154,25,186,35],"class_list":["post-11183","post","type-post","status-publish","format-standard","has-post-thumbnail","hentry","category-175","category-pessoas-com-deficiencia","category-publicacoes-em-destaque","tag-154","tag-ampid","tag-ministerio-do-trabalho","tag-pessoas-com-deficiencia-2"],"acf":[],"_links":{"self":[{"href":"http:\/\/ampid.org.br\/site2020\/index.php?rest_route=\/wp\/v2\/posts\/11183","targetHints":{"allow":["GET"]}}],"collection":[{"href":"http:\/\/ampid.org.br\/site2020\/index.php?rest_route=\/wp\/v2\/posts"}],"about":[{"href":"http:\/\/ampid.org.br\/site2020\/index.php?rest_route=\/wp\/v2\/types\/post"}],"author":[{"embeddable":true,"href":"http:\/\/ampid.org.br\/site2020\/index.php?rest_route=\/wp\/v2\/users\/2"}],"replies":[{"embeddable":true,"href":"http:\/\/ampid.org.br\/site2020\/index.php?rest_route=%2Fwp%2Fv2%2Fcomments&post=11183"}],"version-history":[{"count":2,"href":"http:\/\/ampid.org.br\/site2020\/index.php?rest_route=\/wp\/v2\/posts\/11183\/revisions"}],"predecessor-version":[{"id":11189,"href":"http:\/\/ampid.org.br\/site2020\/index.php?rest_route=\/wp\/v2\/posts\/11183\/revisions\/11189"}],"wp:featuredmedia":[{"embeddable":true,"href":"http:\/\/ampid.org.br\/site2020\/index.php?rest_route=\/wp\/v2\/media\/11185"}],"wp:attachment":[{"href":"http:\/\/ampid.org.br\/site2020\/index.php?rest_route=%2Fwp%2Fv2%2Fmedia&parent=11183"}],"wp:term":[{"taxonomy":"category","embeddable":true,"href":"http:\/\/ampid.org.br\/site2020\/index.php?rest_route=%2Fwp%2Fv2%2Fcategories&post=11183"},{"taxonomy":"post_tag","embeddable":true,"href":"http:\/\/ampid.org.br\/site2020\/index.php?rest_route=%2Fwp%2Fv2%2Ftags&post=11183"}],"curies":[{"name":"wp","href":"https:\/\/api.w.org\/{rel}","templated":true}]}}