{"id":10958,"date":"2023-01-31T21:00:10","date_gmt":"2023-02-01T00:00:10","guid":{"rendered":"http:\/\/ampid.org.br\/site2020\/?p=10958"},"modified":"2023-02-18T14:47:37","modified_gmt":"2023-02-18T17:47:37","slug":"nota-de-posicionamento-sobre-a-lei-no-9-956-2023-do-estado-do-rio-de-janeiro","status":"publish","type":"post","link":"http:\/\/ampid.org.br\/site2020\/?p=10958","title":{"rendered":"Nota de Posicionamento sobre a Lei N\u00ba 9.956\/2023 do Estado do Rio de Janeiro"},"content":{"rendered":"<p><img loading=\"lazy\" decoding=\"async\" class=\"alignnone size-medium wp-image-10959\" src=\"http:\/\/ampid.org.br\/site2020\/wp-content\/uploads\/2023\/01\/HELLEN-KELLER-2-300x300.png\" alt=\"\" width=\"300\" height=\"300\" srcset=\"http:\/\/ampid.org.br\/site2020\/wp-content\/uploads\/2023\/01\/HELLEN-KELLER-2-300x300.png 300w, http:\/\/ampid.org.br\/site2020\/wp-content\/uploads\/2023\/01\/HELLEN-KELLER-2-1024x1024.png 1024w, http:\/\/ampid.org.br\/site2020\/wp-content\/uploads\/2023\/01\/HELLEN-KELLER-2-150x150.png 150w, http:\/\/ampid.org.br\/site2020\/wp-content\/uploads\/2023\/01\/HELLEN-KELLER-2-600x600.png 600w, http:\/\/ampid.org.br\/site2020\/wp-content\/uploads\/2023\/01\/HELLEN-KELLER-2.png 1080w\" sizes=\"auto, (max-width: 300px) 100vw, 300px\" \/><\/p>\n<p>&nbsp;<\/p>\n<p>&nbsp;<\/p>\n<p><strong>NOTA SOBRE A LEI N\u00ba 9.956\/2023 DO ESTADO DO RIO DE JANEIRO<\/strong><\/p>\n<p>&nbsp;<\/p>\n<p>A <strong>Rede Brasileira de Inclus\u00e3o da Pessoa com Defici\u00eancia (Rede-In)<\/strong>, composta por 15 organiza\u00e7\u00f5es da sociedade civil, vem a p\u00fablico manifestar-se contra a Lei n\u00ba 9.956\/2023, sancionada no Estado do Rio de Janeiro, que autoriza a implementa\u00e7\u00e3o de ABA &#8211; An\u00e1lise do Comportamento Aplicada, para crian\u00e7as e adolescentes autistas nas escolas da rede p\u00fablica estadual.<\/p>\n<p>\u00c9 inadmiss\u00edvel que a escola se transforme em espa\u00e7o terap\u00eautico. Ocupar um espa\u00e7o educacional com terapias individuais subverte o entendimento de que na escola devem ser priorizados o curr\u00edculo, as pr\u00e1ticas pedag\u00f3gicas, as aprendizagens e o desenvolvimento, que se d\u00e3o por meio das intera\u00e7\u00f5es em um ambiente coletivo e heterog\u00eaneo. A conviv\u00eancia com as diferen\u00e7as e com a singularidade humana \u00e9 a premissa para a forma\u00e7\u00e3o cidad\u00e3 e o fortalecimento da democracia no contexto da Educa\u00e7\u00e3o.<\/p>\n<p>O direito de acesso de crian\u00e7as e jovens com defici\u00eancia, Transtorno do Espectro do Autismo\/Transtorno Globais do Desenvolvimento e altas habilidades\/superdota\u00e7\u00e3o \u00e0 educa\u00e7\u00e3o e \u00e0 escola comum foi conquistado atrav\u00e9s de muita luta e mobiliza\u00e7\u00e3o pol\u00edtica das pessoas com defici\u00eancia. Ao longo dos anos os marcos legais de fortalecimento da educa\u00e7\u00e3o inclusiva t\u00eam avan\u00e7ado, como a Conven\u00e7\u00e3o sobre os Direitos das Pessoas com Defici\u00eancia, que tem status de Emenda Constitucional e prev\u00ea a obrigatoriedade de um sistema educacional inclusivo, a Pol\u00edtica Nacional de Educa\u00e7\u00e3o Especial na perspectiva da Educa\u00e7\u00e3o Inclusiva e a Lei Brasileira de Inclus\u00e3o da Pessoa com Defici\u00eancia (Lei N\u00ba 13.146\/15).<\/p>\n<p>Ao possibilitar que o m\u00e9todo ABA entre na escola, voltamos ao antigo e j\u00e1 abandonado modelo m\u00e9dico da defici\u00eancia e a correr o risco de que ela se transforme em um espa\u00e7o de cl\u00ednica-escola. H\u00e1 d\u00e9cadas seguimos um outro modelo, o modelo social da defici\u00eancia ou o paradigma da inclus\u00e3o &#8211; que defende justamente o contr\u00e1rio, que os ambientes e a sociedade se transformem para reduzir e mitigar barreiras \u00e0 participa\u00e7\u00e3o de pessoas com autismo e outros grupos exclu\u00eddos por suas caracter\u00edsticas individuais e de diversidade humana.<\/p>\n<p>O ABA \u00e9 considerado um tratamento de sa\u00fade. \u00c9 uma op\u00e7\u00e3o terap\u00eautica entre outras e n\u00e3o deve ser imposta por qualquer institui\u00e7\u00e3o j\u00e1 que as fam\u00edlias e suas crian\u00e7as, ou adolescentes, t\u00eam, e n\u00e3o devem perder, o pleno direito de escolher quais abordagens ou t\u00e9cnicas terap\u00eauticas adotar e seguir e, inclusive, experimentar e poder mudar.<\/p>\n<p>Assim, tendo em considera\u00e7\u00e3o o que se entende por educa\u00e7\u00e3o, reabilita\u00e7\u00e3o e direitos humanos, sob o paradigma da Conven\u00e7\u00e3o sobre os Direitos das Pessoas com Defici\u00eancia, entendemos que a inclus\u00e3o de ABA para pessoas autistas no ambiente escolar compromete a \u00e9tica, a pedagogia a e as normas legais, tirando a autonomia de professoras e professores de assumirem suas fun\u00e7\u00f5es e responsabilidades pedag\u00f3gicas.<\/p>\n<p>A Rede-In defende que toda pessoa com defici\u00eancia, Transtorno do Espectro do Autismo\/Transtorno Globais do Desenvolvimento e altas habilidades\/superdota\u00e7\u00e3o tenha seu direito \u00e0 sa\u00fade integralmente garantido por meio do fortalecimento e aprimoramento de pol\u00edticas p\u00fablicas intersetoriais, nos equipamentos de refer\u00eancia, sempre pautado pelo modelo social da defici\u00eancia, mas sem infringir os princ\u00edpios da educa\u00e7\u00e3o inclusiva. A escola \u00e9 um espa\u00e7o de conv\u00edvio indiferenciado onde devem ser promovidas a\u00e7\u00f5es de plena inclus\u00e3o, por meio de variadas estrat\u00e9gias pedag\u00f3gicas, para toda e qualquer crian\u00e7a. N\u00e3o queremos que a l\u00f3gica m\u00e9dica e terap\u00eautica invada espa\u00e7os educacionais.<\/p>\n<p>&nbsp;<\/p>\n<p>REDE BRASILEIRA DE INCLUS\u00c3O DA PESSOA COM DEFICI\u00caNCIA*<\/p>\n<p>&nbsp;<\/p>\n<p>* Comp\u00f5em a Rede-In: Amankay Instituto de Estudos e Pesquisas;\u00a0 Associa\u00e7\u00e3o Amigos Metrovi\u00e1rios dos Excepcionais &#8211; AME-SP;\u00a0 Associac\u0327a\u0303o de Pais, Amigos e Pessoas com Deficie\u0302ncia, de Funciona\u0301rios do Banco do Brasil e da Comunidade \u2013 APABB; Associa\u00e7\u00e3o Nacional de Emprego Apoiado \u2013 ANEA; Associac\u0327a\u0303o Nacional de Membros(as) do Ministe\u0301rio Pu\u0301blico em Defesa das Pessoas com Deficie\u0302ncia e Idosos \u2013 AMPID; Coletivo Brasileiro de Pesquisadores e Pesquisadoras dos Estudos da Defici\u00eancia \u2013 MANGATA; Escola de Gente &#8211; Comunicac\u0327a\u0303o em Inclusa\u0303o; Federac\u0327a\u0303o Brasileira das Associac\u0327o\u0303es de Si\u0301ndrome de Down \u2013 FBASD; Instituto JNG &#8211; Moradia para Vida Independente; Instituto J\u00f4 Clemente \u2013 IJC; Instituto Rodrigo Mendes; Mais Diferenc\u0327as \u2013 Educac\u0327a\u0303o e Cultura Inclusivas; Movimento Brasileiro de Mulheres Cegas e Com Baixa Vis\u00e3o &#8211; MBMC; Rede Brasileira do Movimento de Vida Independente \u2013 Rede MVI\u00a0 e Visibilidade Cegos Brasil.<\/p>\n<p>&nbsp;<\/p>\n<p>Acesso o documento em PDF: <a href=\"http:\/\/ampid.org.br\/site2020\/wp-content\/uploads\/2023\/01\/NOTA-SOBRE-A-LEI-N\u00ba-9.956-2023-DO-ESTADO-DO-RIO-DE-JANEIRO.pdf\">NOTA SOBRE A LEI N\u00ba 9.956-2023 DO ESTADO DO RIO DE JANEIRO<\/a><\/p>\n<p>&nbsp;<\/p>\n<p>&nbsp;<\/p>\n<p>&nbsp;<\/p>\n","protected":false},"excerpt":{"rendered":"<p>&nbsp; &nbsp; NOTA SOBRE A LEI N\u00ba 9.956\/2023 DO ESTADO DO RIO DE JANEIRO &nbsp; A Rede Brasileira de Inclus\u00e3o da Pessoa com Defici\u00eancia (Rede-In), composta por 15 organiza\u00e7\u00f5es da sociedade civil, vem a p\u00fablico manifestar-se contra a Lei n\u00ba 9.956\/2023, sancionada no Estado do Rio de Janeiro, que autoriza a implementa\u00e7\u00e3o de ABA &#8211;&#8230;<\/p>\n","protected":false},"author":2,"featured_media":0,"comment_status":"open","ping_status":"open","sticky":false,"template":"","format":"standard","meta":{"_acf_changed":false,"inline_featured_image":false,"footnotes":""},"categories":[175,1,173,31,32,168,169],"tags":[154,68,35,170,85],"class_list":["post-10958","post","type-post","status-publish","format-standard","hentry","category-175","category-destaques","category-manifestcoes","category-pessoas-com-deficiencia","category-publicacoes-em-destaque","category-rede-in","category-rede-in-rede-in","tag-154","tag-autismo","tag-pessoas-com-deficiencia-2","tag-rede-publica-ensino","tag-rede-in"],"acf":[],"_links":{"self":[{"href":"http:\/\/ampid.org.br\/site2020\/index.php?rest_route=\/wp\/v2\/posts\/10958","targetHints":{"allow":["GET"]}}],"collection":[{"href":"http:\/\/ampid.org.br\/site2020\/index.php?rest_route=\/wp\/v2\/posts"}],"about":[{"href":"http:\/\/ampid.org.br\/site2020\/index.php?rest_route=\/wp\/v2\/types\/post"}],"author":[{"embeddable":true,"href":"http:\/\/ampid.org.br\/site2020\/index.php?rest_route=\/wp\/v2\/users\/2"}],"replies":[{"embeddable":true,"href":"http:\/\/ampid.org.br\/site2020\/index.php?rest_route=%2Fwp%2Fv2%2Fcomments&post=10958"}],"version-history":[{"count":3,"href":"http:\/\/ampid.org.br\/site2020\/index.php?rest_route=\/wp\/v2\/posts\/10958\/revisions"}],"predecessor-version":[{"id":10982,"href":"http:\/\/ampid.org.br\/site2020\/index.php?rest_route=\/wp\/v2\/posts\/10958\/revisions\/10982"}],"wp:attachment":[{"href":"http:\/\/ampid.org.br\/site2020\/index.php?rest_route=%2Fwp%2Fv2%2Fmedia&parent=10958"}],"wp:term":[{"taxonomy":"category","embeddable":true,"href":"http:\/\/ampid.org.br\/site2020\/index.php?rest_route=%2Fwp%2Fv2%2Fcategories&post=10958"},{"taxonomy":"post_tag","embeddable":true,"href":"http:\/\/ampid.org.br\/site2020\/index.php?rest_route=%2Fwp%2Fv2%2Ftags&post=10958"}],"curies":[{"name":"wp","href":"https:\/\/api.w.org\/{rel}","templated":true}]}}