{"id":10925,"date":"2023-01-18T09:58:17","date_gmt":"2023-01-18T12:58:17","guid":{"rendered":"http:\/\/ampid.org.br\/site2020\/?p=10925"},"modified":"2023-02-18T14:48:51","modified_gmt":"2023-02-18T17:48:51","slug":"nota-de-preocupacao-com-concurso-publico-do-inss-e-repudio-ao-manual-do-cebraspe","status":"publish","type":"post","link":"http:\/\/ampid.org.br\/site2020\/?p=10925","title":{"rendered":"Nota de Preocupa\u00e7\u00e3o com Concurso P\u00fablico do INSS e Rep\u00fadio ao Manual\u00a0do\u00a0Cebraspe"},"content":{"rendered":"<p><img loading=\"lazy\" decoding=\"async\" class=\"alignnone wp-image-10929\" src=\"http:\/\/ampid.org.br\/site2020\/wp-content\/uploads\/2023\/01\/logocompleto_ampid_v_fundoclaro-300x169.png\" alt=\"\" width=\"384\" height=\"216\" srcset=\"http:\/\/ampid.org.br\/site2020\/wp-content\/uploads\/2023\/01\/logocompleto_ampid_v_fundoclaro-300x169.png 300w, http:\/\/ampid.org.br\/site2020\/wp-content\/uploads\/2023\/01\/logocompleto_ampid_v_fundoclaro-1024x576.png 1024w, http:\/\/ampid.org.br\/site2020\/wp-content\/uploads\/2023\/01\/logocompleto_ampid_v_fundoclaro-600x337.png 600w\" sizes=\"auto, (max-width: 384px) 100vw, 384px\" \/><\/p>\n<p>&nbsp;<\/p>\n<p>18 de janeiro de 2023<\/p>\n<p>&nbsp;<\/p>\n<p class=\"western\" lang=\"pt-PT\" align=\"center\"><strong>NOTA P\u00daBLICA DE EXTREMA PREOCUPA\u00c7\u00c3O COM A PORTARIA DGP\/INSS N\u00ba 4, DE 05 DE JANEIRO DE 2023, QUE DESIGNA SERVIDORES(AS) PARA EQUIPES MULTIPROFISSIONAIS DO CEBRASPE ATUAREM NO CONCURSO P\u00daBLICO PARA O PROVIMENTO DE VAGAS DE T\u00c9CNICO DO SEGURO SOCIAL (EDITAL N\u00ba 1 \u2013 INSS, DE 12 DE SETEMBRO DE 2022)<\/strong><\/p>\n<p class=\"western\" lang=\"pt-PT\" align=\"center\"><strong>REPUDIO AO MANUAL AVALIA\u00c7\u00c3O BIOPSICOSSOCIAL DO CEBRASPE<\/strong><\/p>\n<p class=\"western\" lang=\"pt-PT\" align=\"justify\">A <strong>Associa\u00e7\u00e3o Nacional dos Membros do Minist\u00e9rio P\u00fablico de Defesa dos Direitos das Pessoas com Defici\u00eancia e Idosos (AMPID)<\/strong> tomou conhecimento do concurso p\u00fablico em andamento pelo INSS (Edital n\u00ba 1 \u2013 INSS, 12\/09\/2022), da Portaria DGP\/INSS N\u00ba 4, 05\/01\/2023 para compor equipe multiprofissional para avalia\u00e7\u00e3o biopsicossocial de candidatos(as) declarados(as) pessoas com defici\u00eancia, no concurso p\u00fablico mencionado e, tamb\u00e9m, do MANUAL AVALIA\u00c7\u00c3O BIOPSICOSSOCIAL DO CEBRASPE, cujo conte\u00fado e procedimentos chocam-se com as regras vigentes em rela\u00e7\u00e3o \u00e0s atribui\u00e7\u00f5es das equipes multiprofissionais.<\/p>\n<p class=\"western\" align=\"justify\"><span style=\"font-size: medium;\"><b>1. O EDITAL N\u00ba 1-INSS, DE 12 SETEMBRO DE 2022, TEM PREVIS\u00c3O EXPRESSA SOBRE A AVALIA\u00c7\u00c3O BIOPSICOSSOCIAL<\/b><\/span><\/p>\n<p class=\"western\" align=\"justify\"><i>5.1.9 DA AVALIA\u00c7\u00c3O BIOPSICOSSOCIAL<\/i><\/p>\n<p class=\"western\" align=\"justify\"><i>5.1.9.1 O candidato com a inscri\u00e7\u00e3o deferida para concorrer na condi\u00e7\u00e3o de pessoa com defici\u00eancia, se n\u00e3o eliminado nas provas objetivas e classificado, por Ger\u00eancia Executiva do INSS, dentro dos limites do quantitativo de aprovados na primeira etapa do concurso, conforme Anexo VI deste edital, respeitados os empates, ser\u00e1 convocado para se submeter \u00e0 <\/i><i><b>avalia\u00e7\u00e3o biopsicossocial promovida por equipe multiprofissional e interdisciplinar de responsabilidade do Cebraspe, formada por tr\u00eas profissionais capacitados atuantes nas \u00e1reas das defici\u00eancias que o candidato possuir, dentre os quais um ser\u00e1 m\u00e9dico, e tr\u00eas profissionais da carreira a que o candidato concorrer\u00e1,<\/b><\/i><i> que analisar\u00e1 a qualifica\u00e7\u00e3o do candidato como pessoa com defici\u00eancia, <\/i><i><u>nos termos do \u00a7 1\u00ba do art. 2\u00ba da Lei n\u00ba 13.146\/2015, e suas altera\u00e7\u00f5es, dos arts. 3\u00ba e 4\u00ba do Decreto n\u00ba 3.298\/1999, do \u00a7 1\u00ba do art. 1\u00ba da Lei n\u00ba 12.764\/2012, e da Lei n\u00ba 14.126\/2021, bem como do Decreto n\u00ba 9.508\/2018<\/u><\/i><i>, e suas altera\u00e7\u00f5es.<\/i><\/p>\n<p class=\"western\" align=\"justify\"><i>5.1.9.2 A equipe multiprofissional e interdisciplinar emitir\u00e1 parecer que observar\u00e1: a) <\/i><i><b>as informa\u00e7\u00f5es prestadas<\/b><\/i><i> pelo candidato no ato de inscri\u00e7\u00e3o no concurso p\u00fablico; b) a <\/i><i><b>natureza das atribui\u00e7\u00f5es e das tarefas<\/b><\/i><i> essenciais ao cargo de T\u00e9cnico do Seguro Social; 6 c) a viabilidade das condi\u00e7\u00f5es de acessibilidade e as adequa\u00e7\u00f5es do ambiente de trabalho na execu\u00e7\u00e3o das tarefas; d) a possibilidade de <\/i><i><b>uso, pelo candidato, de equipamentos ou de outros meios que utilize<\/b><\/i><i> de forma habitual; e) o <\/i><i><b>resultado da avalia\u00e7\u00e3o com base no disposto no \u00a7 1\u00ba do art. 2\u00ba da Lei Federal n\u00ba 13.146\/2015<\/b><\/i><i>, sem preju\u00edzo da ado\u00e7\u00e3o de crit\u00e9rios adicionais.<\/i><\/p>\n<p class=\"western\" align=\"justify\"><i>5.1.9.3 Os candidatos dever\u00e3o comparecer \u00e0 avalia\u00e7\u00e3o biopsicossocial com uma hora de anteced\u00eancia, munidos de documento de identidade original e <\/i><i><b>de parecer de equipe multiprofissional e interdisciplinar (original ou c\u00f3pia autenticada em cart\u00f3rio)<\/b><\/i><i>, cuja data de emiss\u00e3o seja, no m\u00e1ximo, nos \u00faltimos 12 meses anteriores \u00e0 data da avalia\u00e7\u00e3o, que <\/i><i><b>ateste a esp\u00e9cie e o grau ou o n\u00edvel de defici\u00eancia, com expressa refer\u00eancia ao c\u00f3digo correspondente da CID-10, bem como a prov\u00e1vel causa da defici\u00eancia, de acordo com o modelo constante do Anexo V-B deste edital<\/b><\/i><i>, e, se for o caso, de exames complementares espec\u00edficos que comprovem a defici\u00eancia.<\/i><\/p>\n<p class=\"western\" align=\"justify\"><i>5.1.9.4 O parecer de equipe multiprofissional e interdisciplinar (original ou c\u00f3pia autenticada em cart\u00f3rio) ser\u00e1 <\/i><i><b>retido pelo Cebraspe por ocasi\u00e3o da realiza\u00e7\u00e3o da avalia\u00e7\u00e3o biopsicossocial e n\u00e3o ser\u00e1 devolvido em hip\u00f3tese alguma<\/b><\/i><i>.<\/i><\/p>\n<p class=\"western\" align=\"justify\"><span style=\"font-size: medium;\">Embora com alguns desajustes quanto \u00e0 clareza das atribui\u00e7\u00f5es da equipe multiprofissional nessa primeira fase de acompanhamento do concurso p\u00fablico <\/span><span style=\"font-size: medium;\"><b>relacionados \u00e0 realiza\u00e7\u00e3o das provas<\/b><\/span><span style=\"font-size: medium;\">, como aferir o laudo ou a declara\u00e7\u00e3o de defici\u00eancia trazida por laudo biopsicossocial; avaliar a necessidade de tempo adicional e outros direitos a provas acess\u00edveis; aferir o local da realiza\u00e7\u00e3o das provas, dentre outros, verifica-se que o INSS determina ao Cebraspe que a equipe multidisciplinar siga comandos legais de aferi\u00e7\u00e3o da defici\u00eancia (item 5.1.9.1), <\/span><span style=\"font-size: medium;\"><b>t\u00e3o somente<\/b><\/span><span style=\"font-size: medium;\">.<\/span><\/p>\n<p class=\"western\" align=\"justify\"><span style=\"font-size: medium;\">A equipe multiprofissional, <\/span><span style=\"font-size: medium;\"><b>nesse momento do certame, n\u00e3o tem atribui\u00e7\u00e3o de aferir qualquer situa\u00e7\u00e3o que diga respeito \u00e0 rela\u00e7\u00e3o futura de servidor(a) p\u00fablico(a), se a defici\u00eancia tem \u201ccompatibilidade\u201d com a execu\u00e7\u00e3o de tarefas<\/b><\/span><span style=\"font-size: medium;\">, como est\u00e1 colocado no item <\/span><i>c) a viabilidade das condi\u00e7\u00f5es de acessibilidade e as adequa\u00e7\u00f5es do ambiente de trabalho na execu\u00e7\u00e3o das tarefas<\/i>. <span style=\"font-size: medium;\">Isso porque, <\/span><span style=\"font-size: medium;\"><b>essa segunda etapa diz respeito \u00e0s atribui\u00e7\u00f5es da equipe multiprofissional que acompanhar\u00e1 a pessoa com defici\u00eancia j\u00e1 nomeada e tendo em curso seu est\u00e1gio probat\u00f3rio<\/b><\/span><span style=\"font-size: medium;\">.<\/span><\/p>\n<p class=\"western\" align=\"justify\"><span style=\"font-size: medium;\">A equipe multiprofissional de assist\u00eancia e apoio \u00e0s diferentes fases de um concurso p\u00fablico n\u00e3o deve ser confundida com a per\u00edcia m\u00e9dica pela qual todo(a) servidor(a) p\u00fablico(a) se submete anterior \u00e0 nomea\u00e7\u00e3o ao cargo, exatamente por se tratar de exame m\u00e9dico admissional (anamnese).<\/span><\/p>\n<p class=\"western\" align=\"justify\"><span style=\"font-size: medium;\">Nenhum(a) candidato(a), <\/span><span style=\"font-size: medium;\"><b>repita-se<\/b><\/span><span style=\"font-size: medium;\">, nenhum(a) candidato(a) pode ser impedido de realizar provas e\/ou seguir em frente nas diferentes etapas de provas, caso classificado(a), por crit\u00e9rio de equipe multiprofissional e\/ou per\u00edcia m\u00e9dica.<\/span><\/p>\n<p class=\"western\" align=\"justify\"><span style=\"font-size: medium;\">\u00c9 por isso que h\u00e1 previs\u00e3o expressa no edital, aplicada durante a primeira fase e\/ou ao final do certame de que o candidato(a) \u201c<\/span>que n\u00e3o for considerado com defici\u00eancia na avalia\u00e7\u00e3o biopsicossocial, caso tenha nota suficiente no concurso, figurar\u00e1 na lista de classifica\u00e7\u00e3o geral por Ger\u00eancia Executiva do INSS\u201d (5.1.9.7.1).<span style=\"font-size: medium;\"> Mas, isto diz respeito t\u00e3o somente \u00e0 <\/span><span style=\"font-size: medium;\"><b>aferi\u00e7\u00e3o da defici\u00eancia<\/b><\/span><span style=\"font-size: medium;\"> nos <\/span><span style=\"font-size: medium;\"><u>termos do \u00a7 1\u00ba do art. 2\u00ba da Lei n\u00ba 13.146\/2015, e suas altera\u00e7\u00f5es, dos arts. 3\u00ba e 4\u00ba do Decreto n\u00ba 3.298\/1999, do \u00a7 1\u00ba do art. 1\u00ba da Lei n\u00ba 12.764\/2012, e da Lei n\u00ba 14.126\/2021, bem como do Decreto n\u00ba 9.508\/2018<\/u><\/span><span style=\"font-size: medium;\">, e suas altera\u00e7\u00f5es (5.1.9.1).<\/span><\/p>\n<p class=\"western\" align=\"justify\"><span style=\"font-size: medium;\"><b>2. MANUAL AVALIA\u00c7\u00c3O BIOPSICOSSOCIAL DO CEBRASPE<\/b><\/span><\/p>\n<p class=\"western\" align=\"justify\"><span style=\"font-size: medium;\">O manual de avalia\u00e7\u00e3o biopsicossocial do Cebaspe n\u00e3o se coaduna com os regramentos legais de concurso p\u00fablico, especialmente o Decreto n\u00ba 9.508\/2018, a saber:<\/span><\/p>\n<ol type=\"a\">\n<li>\n<p class=\"western\" align=\"justify\"><span style=\"font-size: medium;\">composi\u00e7\u00e3o da equipe multiprofissional com 2 m\u00e9dicos em afronta ao par\u00e1grafo 1\u00ba do artigo 2\u00ba da Lei n\u00ba 13.146\/2015 (LBI).<\/span><\/p>\n<\/li>\n<\/ol>\n<p class=\"western\" align=\"justify\"><i>Composi\u00e7\u00e3o da equipe multiprofissional e interdisciplinar: <\/i><\/p>\n<p class=\"western\" align=\"justify\"><i>Um(a) m\u00e9dico(a).<\/i><\/p>\n<p class=\"western\" align=\"justify\"><i>Um(a) coordenador(a) m\u00e9dico(a), com experi\u00eancia em atendimento a pessoas com defici\u00eancia fi\u0301sica.<\/i><\/p>\n<p class=\"western\" align=\"justify\"><i>Um(a) psic\u00f3logo(a), com experi\u00eancia em atendimento a pessoas com defici\u00eancia fi\u0301sica.<\/i><\/p>\n<p class=\"western\" align=\"justify\"><i>Tr\u00eas profissionais servidores da carreira a que o(a) candidato(a) concorrer\u00e1, indicados pelo \u00f3rg\u00e3o contratante para cada cidade de aplica\u00e7\u00e3o (Manual anexo p. 5).<\/i><\/p>\n<ol start=\"2\" type=\"a\">\n<li>\n<p class=\"western\" align=\"justify\"><span style=\"font-size: medium;\">A atribui\u00e7\u00e3o de toda a equipe multiprofissional \u00e9 aferir as condi\u00e7\u00f5es de acessibilidade da prova, locais de provas, etc. Portanto, os 3 integrantes da carreira almejada pelo(a) candidata(a) tem essa principal fun\u00e7\u00e3o. Lembre-se, mais uma vez, que aferir a acessibilidade (na estrutura) do \u00f3rg\u00e3o \u00e9 atribui\u00e7\u00e3o de equipe multiprofissional durante o est\u00e1gio probat\u00f3rio <\/span><span style=\"font-size: medium;\"><b>e n\u00e3o na fase de concurso<\/b><\/span><span style=\"font-size: medium;\">. Al\u00e9m do que, mitigar a participa\u00e7\u00e3o de pessoas integrantes da carreira do INSS que comp\u00f5em a equipe multiprofissional, \u00e9 violar a pr\u00f3pria constitui\u00e7\u00e3o da equipe multiprofissional e tornar prec\u00e1ria a designa\u00e7\u00e3o da Portaria DGP\/INSS N\u00ba 4, 05\/01\/2023. Quanto \u00e0s pessoas servidoras designadas para a composi\u00e7\u00e3o da equipe multiprofissional h\u00e1 falta de transpar\u00eancia pois n\u00e3o \u00e9 poss\u00edvel verificar quais s\u00e3o os cargos exercidos ou suas especialidades de forma a tornar claro se h\u00e1 mesmo cumprimento dos profissionais exigidos pelo artigo 2\u00ba, par\u00e1grafo 1\u00ba da LBI e do artigo 5\u00ba do Decreto n\u00ba 9.508\/2018.<\/span><\/p>\n<\/li>\n<\/ol>\n<p class=\"western\" align=\"justify\"><i>Aten\u00e7\u00e3o: a atribui\u00e7\u00e3o dos servidores indicados pelo \u00f3rg\u00e3o contratante e\u0301, basicamente, verificar se o \u00f3rg\u00e3o possui a estrutura necess\u00e1ria para acolher os candidatos com defici\u00eancia (Manual anexo p. 6).<\/i><\/p>\n<ol start=\"3\" type=\"a\">\n<li>\n<p class=\"western\" align=\"justify\">\u201c<span style=\"font-size: medium;\">Orienta\u00e7\u00f5es para a junta m\u00e9dica\u201d est\u00e1 em total descompasso com a equipe multiprofissional<\/span><span style=\"font-size: medium;\"> pois, o integrante m\u00e9dico(a) somente deve avaliar os impedimentos nas fun\u00e7\u00f5es e estruturas do corpo (inciso I, par\u00e1grafo primeiro, artigo 2\u00ba da LBI). Outras quest\u00f5es relacionadas a fatores ambientais, psicol\u00f3gico, pessoais, desempenho de atividades s\u00e3o aferidas por outros profissionais da \u00e1rea da defici\u00eancia (exemplo de psic\u00f3logos, assistentes sociais, terapeutas ocupacionais, fonoaudi\u00f3logos, etc). Lembre-se que quanto \u00e0 restri\u00e7\u00e3o de participa\u00e7\u00e3o toda a equipe labora em conjunto. Assim, n<\/span><span style=\"font-size: medium;\"><b>\u00e3o h\u00e1 justificativa para a exist\u00eancia, nessa fase do concurso p\u00fablico, de uma junta m\u00e9dica<\/b><\/span><span style=\"font-size: medium;\">. <\/span><span style=\"font-size: medium;\"><b>Equipe multiprofissional e concurso p\u00fablico n\u00e3o se relacionam com ato m\u00e9dico<\/b><\/span><span style=\"font-size: medium;\">.<\/span><\/p>\n<\/li>\n<\/ol>\n<p class=\"western\" align=\"justify\"><i>Ap\u00f3s breve discuss\u00e3o com toda a equipe (m\u00e9dicos, psic\u00f3logos e representantes do cliente) a respeito de cada candidato, cada um ser\u00e1 qualificado como DEFICIENTE OU NA\u0303O DEFICIENTE, considerando os seguintes aspectos:<\/i><\/p>\n<p class=\"western\" align=\"justify\"><i>As informa\u00e7\u00f5es prestadas pelo candidato no ato de inscri\u00e7\u00e3o no concurso p\u00fablico ou no processo seletivo.<\/i><\/p>\n<p class=\"western\" align=\"justify\"><i>A natureza das atribui\u00e7\u00f5es e das tarefas essenciais ao cargo, do emprego ou da fun\u00e7\u00e3o a desempenhar.<\/i><\/p>\n<p class=\"western\" align=\"justify\"><i>A viabilidade das condi\u00e7\u00f5es de acessibilidade e as adequa\u00e7\u00f5es do ambiente de trabalho na execu\u00e7\u00e3o das tarefas.<\/i><\/p>\n<p class=\"western\" align=\"justify\"><i>A possibilidade de uso, pelo candidato, de equipamentos ou de outros meios que utilize de forma habitual.<\/i><\/p>\n<p class=\"western\" align=\"justify\"><i>O resultado da avalia\u00e7\u00e3o com base no disposto no \u00a7 1\u00ba do art. 2\u00ba da Lei Federal n.\u00ba 13.146\/2015, sem preju\u00edzo da ado\u00e7\u00e3o de crit\u00e9rios adicionais. O Formul\u00e1rio de Auditoria dever\u00e1 ser preenchido, atentando-se, especialmente, para o parecer final (DEFICIENTE OU NA\u0303O DEFICIENTE), para a descri\u00e7\u00e3o dos aspectos que determinaram o enquadramento do candidato como NA\u0303O DEFICIENTE, se for o caso<\/i> (Manual anexo p. 9).<\/p>\n<p class=\"western\" align=\"justify\"><span style=\"font-size: medium;\">A AMPID espera que o INSS acompanhe integralmente as atribui\u00e7\u00f5es da equipe multiprofissional e aponte Cebraspe, \u00e0 entidade contratada para a realiza\u00e7\u00e3o do concurso p\u00fablico, todas as incongru\u00eancias e viola\u00e7\u00f5es perpetradas em seus procedimentos e que est\u00e3o inseridas em seu manual.<\/span><\/p>\n<p class=\"western\"><span style=\"font-size: medium;\">Bras\u00edlia, 16 de janeiro de 2023.<\/span><\/p>\n<p>&nbsp;<\/p>\n<p class=\"western\"><span style=\"font-size: medium;\"><b>Cristiane Lucas Branquinho \u2013 Presidenta<\/b><\/span><\/p>\n<p class=\"western\"><span style=\"font-size: medium;\"><b>Maria Aparecida Gugel \u2013 Conselho Cient\u00edfico <\/b><\/span><\/p>\n<p>&nbsp;<\/p>\n<p class=\"western\" align=\"justify\">Para ler o Manual em PDF, clique aqui: \u00a0<a href=\"http:\/\/ampid.org.br\/site2020\/wp-content\/uploads\/2023\/01\/MANUAL-AVALIAC\u0327A\u0303O-BIOPSICOSSOCIAL-FINAL-V3.pdf\">MANUAL AVALIAC\u0327A\u0303O BIOPSICOSSOCIAL &#8211; FINAL V3<\/a><\/p>\n","protected":false},"excerpt":{"rendered":"<p>&nbsp; 18 de janeiro de 2023 &nbsp; NOTA P\u00daBLICA DE EXTREMA PREOCUPA\u00c7\u00c3O COM A PORTARIA DGP\/INSS N\u00ba 4, DE 05 DE JANEIRO DE 2023, QUE DESIGNA SERVIDORES(AS) PARA EQUIPES MULTIPROFISSIONAIS DO CEBRASPE ATUAREM NO CONCURSO P\u00daBLICO PARA O PROVIMENTO DE VAGAS DE T\u00c9CNICO DO SEGURO SOCIAL (EDITAL N\u00ba 1 \u2013 INSS, DE 12 DE SETEMBRO&#8230;<\/p>\n","protected":false},"author":2,"featured_media":9667,"comment_status":"open","ping_status":"open","sticky":false,"template":"","format":"standard","meta":{"_acf_changed":false,"inline_featured_image":false,"footnotes":""},"categories":[175,22,4,31,32],"tags":[154,25,164,40],"class_list":["post-10925","post","type-post","status-publish","format-standard","has-post-thumbnail","hentry","category-175","category-notas","category-noticias","category-pessoas-com-deficiencia","category-publicacoes-em-destaque","tag-154","tag-ampid","tag-avaliacao-biopsicossocial","tag-direitos-das-pessoas-com-deficiencia"],"acf":[],"_links":{"self":[{"href":"http:\/\/ampid.org.br\/site2020\/index.php?rest_route=\/wp\/v2\/posts\/10925","targetHints":{"allow":["GET"]}}],"collection":[{"href":"http:\/\/ampid.org.br\/site2020\/index.php?rest_route=\/wp\/v2\/posts"}],"about":[{"href":"http:\/\/ampid.org.br\/site2020\/index.php?rest_route=\/wp\/v2\/types\/post"}],"author":[{"embeddable":true,"href":"http:\/\/ampid.org.br\/site2020\/index.php?rest_route=\/wp\/v2\/users\/2"}],"replies":[{"embeddable":true,"href":"http:\/\/ampid.org.br\/site2020\/index.php?rest_route=%2Fwp%2Fv2%2Fcomments&post=10925"}],"version-history":[{"count":9,"href":"http:\/\/ampid.org.br\/site2020\/index.php?rest_route=\/wp\/v2\/posts\/10925\/revisions"}],"predecessor-version":[{"id":10935,"href":"http:\/\/ampid.org.br\/site2020\/index.php?rest_route=\/wp\/v2\/posts\/10925\/revisions\/10935"}],"wp:featuredmedia":[{"embeddable":true,"href":"http:\/\/ampid.org.br\/site2020\/index.php?rest_route=\/wp\/v2\/media\/9667"}],"wp:attachment":[{"href":"http:\/\/ampid.org.br\/site2020\/index.php?rest_route=%2Fwp%2Fv2%2Fmedia&parent=10925"}],"wp:term":[{"taxonomy":"category","embeddable":true,"href":"http:\/\/ampid.org.br\/site2020\/index.php?rest_route=%2Fwp%2Fv2%2Fcategories&post=10925"},{"taxonomy":"post_tag","embeddable":true,"href":"http:\/\/ampid.org.br\/site2020\/index.php?rest_route=%2Fwp%2Fv2%2Ftags&post=10925"}],"curies":[{"name":"wp","href":"https:\/\/api.w.org\/{rel}","templated":true}]}}