{"id":10737,"date":"2022-10-07T10:36:01","date_gmt":"2022-10-07T13:36:01","guid":{"rendered":"http:\/\/ampid.org.br\/site2020\/?p=10737"},"modified":"2022-10-07T10:54:28","modified_gmt":"2022-10-07T13:54:28","slug":"associado-da-ampid-recebe-medalha-do-tribunal-superior-do-trabalho","status":"publish","type":"post","link":"http:\/\/ampid.org.br\/site2020\/?p=10737","title":{"rendered":"Associado da AMPID recebe medalha do Tribunal Superior do Trabalho"},"content":{"rendered":"<p>&nbsp;<\/p>\n<figure id=\"attachment_10738\" aria-describedby=\"caption-attachment-10738\" style=\"width: 300px\" class=\"wp-caption alignnone\"><img loading=\"lazy\" decoding=\"async\" class=\"wp-image-10738 size-medium\" src=\"http:\/\/ampid.org.br\/site2020\/wp-content\/uploads\/2022\/10\/WhatsApp-Image-2022-10-07-at-08.58.22-2-300x300.jpeg\" alt=\"\" width=\"300\" height=\"300\" srcset=\"http:\/\/ampid.org.br\/site2020\/wp-content\/uploads\/2022\/10\/WhatsApp-Image-2022-10-07-at-08.58.22-2-300x300.jpeg 300w, http:\/\/ampid.org.br\/site2020\/wp-content\/uploads\/2022\/10\/WhatsApp-Image-2022-10-07-at-08.58.22-2-150x150.jpeg 150w, http:\/\/ampid.org.br\/site2020\/wp-content\/uploads\/2022\/10\/WhatsApp-Image-2022-10-07-at-08.58.22-2-600x600.jpeg 600w, http:\/\/ampid.org.br\/site2020\/wp-content\/uploads\/2022\/10\/WhatsApp-Image-2022-10-07-at-08.58.22-2.jpeg 1024w\" sizes=\"auto, (max-width: 300px) 100vw, 300px\" \/><figcaption id=\"caption-attachment-10738\" class=\"wp-caption-text\"><em>Dr. Vicente El\u00edsio de Oliveira Neto \u2013 MPRN (\u00e0 direita da imagem, de terno preto, camisa branca, gravata lil\u00e1s, \u00f3culos escuros, barba e bigode brancos) recebe a medalha<\/em><\/figcaption><\/figure>\n<p>10 de outubro de 2022<\/p>\n<p>O Promotor de Justi\u00e7a Vicente El\u00edsio de Oliveira Neto (MPRN) foi homenageado com Medalha alusiva aos 80 anos da Justi\u00e7a do Trabalho brasileira, solenidade realizada as 15h de ontem (06\/10\/22) no Gabinete da Presid\u00eancia do Tribunal Superior do Trabalho(TST) em Bras\u00edlia-DF em reconhecimento a sua prof\u00edcua experi\u00eancia de vida e profissional.<\/p>\n<p>Em seu pronunciamento durante a solenidade, o Presidente do TST Ministro Emmanoel Pereira acentuou que a hist\u00f3ria de vida e profissional do Dr. Vicente El\u00edsio, comprometida com a promo\u00e7\u00e3o e defesa dos direitos de grupos necessitados, inspira \u00e0 todos que o conhecem constituindo-se em exemplo de supera\u00e7\u00e3o que merece ser seguido.<\/p>\n<p><img loading=\"lazy\" decoding=\"async\" class=\"alignnone size-medium wp-image-10738\" src=\"http:\/\/ampid.org.br\/site2020\/wp-content\/uploads\/2022\/10\/WhatsApp-Image-2022-10-07-at-08.58.22-2-300x300.jpeg\" alt=\"\" width=\"300\" height=\"300\" srcset=\"http:\/\/ampid.org.br\/site2020\/wp-content\/uploads\/2022\/10\/WhatsApp-Image-2022-10-07-at-08.58.22-2-300x300.jpeg 300w, http:\/\/ampid.org.br\/site2020\/wp-content\/uploads\/2022\/10\/WhatsApp-Image-2022-10-07-at-08.58.22-2-150x150.jpeg 150w, http:\/\/ampid.org.br\/site2020\/wp-content\/uploads\/2022\/10\/WhatsApp-Image-2022-10-07-at-08.58.22-2-600x600.jpeg 600w, http:\/\/ampid.org.br\/site2020\/wp-content\/uploads\/2022\/10\/WhatsApp-Image-2022-10-07-at-08.58.22-2.jpeg 1024w\" sizes=\"auto, (max-width: 300px) 100vw, 300px\" \/> <img loading=\"lazy\" decoding=\"async\" class=\"alignnone size-medium wp-image-10739\" src=\"http:\/\/ampid.org.br\/site2020\/wp-content\/uploads\/2022\/10\/WhatsApp-Image-2022-10-07-at-08.58.22-3-202x300.jpeg\" alt=\"\" width=\"202\" height=\"300\" srcset=\"http:\/\/ampid.org.br\/site2020\/wp-content\/uploads\/2022\/10\/WhatsApp-Image-2022-10-07-at-08.58.22-3-202x300.jpeg 202w, http:\/\/ampid.org.br\/site2020\/wp-content\/uploads\/2022\/10\/WhatsApp-Image-2022-10-07-at-08.58.22-3.jpeg 690w\" sizes=\"auto, (max-width: 202px) 100vw, 202px\" \/> <img loading=\"lazy\" decoding=\"async\" class=\"alignnone size-medium wp-image-10740\" src=\"http:\/\/ampid.org.br\/site2020\/wp-content\/uploads\/2022\/10\/WhatsApp-Image-2022-10-07-at-08.58.22-1-237x300.jpeg\" alt=\"\" width=\"237\" height=\"300\" srcset=\"http:\/\/ampid.org.br\/site2020\/wp-content\/uploads\/2022\/10\/WhatsApp-Image-2022-10-07-at-08.58.22-1-237x300.jpeg 237w, http:\/\/ampid.org.br\/site2020\/wp-content\/uploads\/2022\/10\/WhatsApp-Image-2022-10-07-at-08.58.22-1.jpeg 492w\" sizes=\"auto, (max-width: 237px) 100vw, 237px\" \/> <img loading=\"lazy\" decoding=\"async\" class=\"alignnone size-medium wp-image-10741\" src=\"http:\/\/ampid.org.br\/site2020\/wp-content\/uploads\/2022\/10\/WhatsApp-Image-2022-10-07-at-08.58.22-198x300.jpeg\" alt=\"\" width=\"198\" height=\"300\" srcset=\"http:\/\/ampid.org.br\/site2020\/wp-content\/uploads\/2022\/10\/WhatsApp-Image-2022-10-07-at-08.58.22-198x300.jpeg 198w, http:\/\/ampid.org.br\/site2020\/wp-content\/uploads\/2022\/10\/WhatsApp-Image-2022-10-07-at-08.58.22.jpeg 478w\" sizes=\"auto, (max-width: 198px) 100vw, 198px\" \/><\/p>\n<p>Na ocasi\u00e3o destacou o Promotor homenageado os sentimentos de alegria, gratid\u00e3o e honra com a condecora\u00e7\u00e3o, antes de mais nada por ser a Justi\u00e7a do Trabalho gen\u00e9tica e constitucionalmente comprometida com a realiza\u00e7\u00e3o da justi\u00e7a social por meio da pondera\u00e7\u00e3o dos valores da liberdade de iniciativa e do trabalho, fundamentos do Estado Democr\u00e1tico de Direito.<\/p>\n<p>Registrou ainda que a homenagem reveste-se de redobrados encantos por encontrar-se associada a um elenco de iniciativas direcionadas \u00e0 promo\u00e7\u00e3o da acessibilidade e inclus\u00e3o das pessoas com defici\u00eancia coordenadas pela Presid\u00eancia do \u00f3rg\u00e3o de c\u00fapula da Justi\u00e7a do Trabalho, diga-se, pelo Ministro Emmanoel Pereira.<\/p>\n<p>&nbsp;<\/p>\n<p>&nbsp;<\/p>\n<p>&nbsp;<\/p>\n<p>&nbsp;<\/p>\n<p>&nbsp;<\/p>\n","protected":false},"excerpt":{"rendered":"<p>&nbsp; 10 de outubro de 2022 O Promotor de Justi\u00e7a Vicente El\u00edsio de Oliveira Neto (MPRN) foi homenageado com Medalha alusiva aos 80 anos da Justi\u00e7a do Trabalho brasileira, solenidade realizada as 15h de ontem (06\/10\/22) no Gabinete da Presid\u00eancia do Tribunal Superior do Trabalho(TST) em Bras\u00edlia-DF em reconhecimento a sua prof\u00edcua experi\u00eancia de vida&#8230;<\/p>\n","protected":false},"author":2,"featured_media":10743,"comment_status":"open","ping_status":"open","sticky":false,"template":"","format":"standard","meta":{"_acf_changed":false,"inline_featured_image":false,"footnotes":""},"categories":[4,31,32],"tags":[138,25,35],"class_list":["post-10737","post","type-post","status-publish","format-standard","has-post-thumbnail","hentry","category-noticias","category-pessoas-com-deficiencia","category-publicacoes-em-destaque","tag-138","tag-ampid","tag-pessoas-com-deficiencia-2"],"acf":[],"_links":{"self":[{"href":"http:\/\/ampid.org.br\/site2020\/index.php?rest_route=\/wp\/v2\/posts\/10737","targetHints":{"allow":["GET"]}}],"collection":[{"href":"http:\/\/ampid.org.br\/site2020\/index.php?rest_route=\/wp\/v2\/posts"}],"about":[{"href":"http:\/\/ampid.org.br\/site2020\/index.php?rest_route=\/wp\/v2\/types\/post"}],"author":[{"embeddable":true,"href":"http:\/\/ampid.org.br\/site2020\/index.php?rest_route=\/wp\/v2\/users\/2"}],"replies":[{"embeddable":true,"href":"http:\/\/ampid.org.br\/site2020\/index.php?rest_route=%2Fwp%2Fv2%2Fcomments&post=10737"}],"version-history":[{"count":7,"href":"http:\/\/ampid.org.br\/site2020\/index.php?rest_route=\/wp\/v2\/posts\/10737\/revisions"}],"predecessor-version":[{"id":10751,"href":"http:\/\/ampid.org.br\/site2020\/index.php?rest_route=\/wp\/v2\/posts\/10737\/revisions\/10751"}],"wp:featuredmedia":[{"embeddable":true,"href":"http:\/\/ampid.org.br\/site2020\/index.php?rest_route=\/wp\/v2\/media\/10743"}],"wp:attachment":[{"href":"http:\/\/ampid.org.br\/site2020\/index.php?rest_route=%2Fwp%2Fv2%2Fmedia&parent=10737"}],"wp:term":[{"taxonomy":"category","embeddable":true,"href":"http:\/\/ampid.org.br\/site2020\/index.php?rest_route=%2Fwp%2Fv2%2Fcategories&post=10737"},{"taxonomy":"post_tag","embeddable":true,"href":"http:\/\/ampid.org.br\/site2020\/index.php?rest_route=%2Fwp%2Fv2%2Ftags&post=10737"}],"curies":[{"name":"wp","href":"https:\/\/api.w.org\/{rel}","templated":true}]}}