{"id":10467,"date":"2021-12-28T20:00:15","date_gmt":"2021-12-28T23:00:15","guid":{"rendered":"http:\/\/ampid.org.br\/site2020\/?p=10467"},"modified":"2021-12-28T21:40:23","modified_gmt":"2021-12-29T00:40:23","slug":"nota-publica-sobre-reconhecimento-da-oms-em-retirar-do-cid-11-a-velhice-deixando-de-reconhece-la-como-doenca","status":"publish","type":"post","link":"http:\/\/ampid.org.br\/site2020\/?p=10467","title":{"rendered":"Nota P\u00fablica sobre reconhecimento da OMS em retirar do CID 11 a velhice, deixando de reconhec\u00ea-la como doen\u00e7a"},"content":{"rendered":"<p><img loading=\"lazy\" decoding=\"async\" class=\"alignnone size-medium wp-image-9668\" src=\"http:\/\/ampid.org.br\/site2020\/wp-content\/uploads\/2020\/07\/pub-1-300x125.jpg\" alt=\"\" width=\"300\" height=\"125\" srcset=\"http:\/\/ampid.org.br\/site2020\/wp-content\/uploads\/2020\/07\/pub-1-300x125.jpg 300w, http:\/\/ampid.org.br\/site2020\/wp-content\/uploads\/2020\/07\/pub-1-1024x427.jpg 1024w, http:\/\/ampid.org.br\/site2020\/wp-content\/uploads\/2020\/07\/pub-1.jpg 1920w\" sizes=\"auto, (max-width: 300px) 100vw, 300px\" \/><\/p>\n<p>&nbsp;<\/p>\n<p><img loading=\"lazy\" decoding=\"async\" class=\"alignnone wp-image-10450\" src=\"http:\/\/ampid.org.br\/site2020\/wp-content\/uploads\/2021\/12\/logocompleto_ampid_h_fundoclaro-1-300x122.png\" alt=\"\" width=\"304\" height=\"124\" srcset=\"http:\/\/ampid.org.br\/site2020\/wp-content\/uploads\/2021\/12\/logocompleto_ampid_h_fundoclaro-1-300x122.png 300w, http:\/\/ampid.org.br\/site2020\/wp-content\/uploads\/2021\/12\/logocompleto_ampid_h_fundoclaro-1-1024x415.png 1024w\" sizes=\"auto, (max-width: 304px) 100vw, 304px\" \/><\/p>\n<p>&nbsp;<\/p>\n<p><strong>Nota P\u00fablica sobre reconhecimento da OMS em retirar do CID 11 a velhice, deixando de reconhec\u00ea-la como doen\u00e7a<\/strong><\/p>\n<p>No m\u00eas de junho de 2021 a Associa\u00e7\u00e3o Nacional dos Membros do Minist\u00e9rio P\u00fablico de Defesa dos Direitos das Pessoas com Defici\u00eancia e Pessoas Idosas \u2013 AMPID, veio a p\u00fablico<a href=\"#_ftn1\" name=\"_ftnref1\">[1]<\/a> para manifestar sua preocupa\u00e7\u00e3o e alertar sobre a necessidade de a\u00e7\u00e3o organizada e imediata de todos contra a lista da Classifica\u00e7\u00e3o Internacional de Doen\u00e7as (CID), deliberada na 72 \u00aa Assembleia Mundial de Sa\u00fade, que inseriu a condi\u00e7\u00e3o de <em>velhice <\/em>(old age) como doen\u00e7a. Esta lista come\u00e7aria a vigorar em 1\u00ba de janeiro de 2022.<\/p>\n<p>Naquela ocasi\u00e3o nos manifestamos enfatizando a necessidade do<strong> Estado brasileiro, seguindo os protocolos de representa\u00e7\u00e3o junto \u00e0 OMS, declarar sua contrariedade e n\u00e3o aceita\u00e7\u00e3o dessa concep\u00e7\u00e3o \u201cvelhice\/doen\u00e7a\u201d\u00a0<\/strong>por esta ofender a Constitui\u00e7\u00e3o da Rep\u00fablica que tem como fundamento a dignidade da pessoa humana (artigo 1\u00ba inciso III), a promo\u00e7\u00e3o do bem de todos sem preconceitos de idade e quaisquer formas de discrimina\u00e7\u00e3o (artigo 3\u00ba inciso IV) e, como valor social, o amparo, a defesa e o bem-estar das pessoas idosas, devendo garantir-lhes o direito \u00e0 vida (artigo 230), e o Estatuto do Idoso (Lei n 10.741\/2003) que propugna a n\u00e3o discrimina\u00e7\u00e3o ou atentado aos seus direitos.<\/p>\n<p>Ressaltamos que a sociedade brasileira \u00e9 de todas as idades e n\u00e3o quer diagnosticar seus cidad\u00e3os e cidad\u00e3s idosos(as) como doente pois velhice n\u00e3o \u00e9 doen\u00e7a.<\/p>\n<p>De forma elogi\u00e1vel e exitosa criou-se no Brasil, capitaneado pelo Dr. Alexandre Kalache, da ILC-Brasil, o movimento #velhicen\u00e3o\u00e9doen\u00e7a, que atuou no pa\u00eds e internacionalmente, juntamente com organiza\u00e7\u00f5es internacionais, obtendo resultado positivo no convencimento da Organiza\u00e7\u00e3o Mundial de Sa\u00fade que decidiu pela retirada do c\u00f3digo velhice do CID 11.<\/p>\n<p>Importantes manifesta\u00e7\u00f5es sobre o tema foram elaboradas, merecendo destaque a do Grupo de Estudos sobre o Envelhecimento Humano na Perspectiva da Totalidade Social (GEEHPTS)<a href=\"#_ftn2\" name=\"_ftnref2\">[2]<\/a>, desenvolvido no \u00e2mbito do Hospital Universit\u00e1rio Oswaldo Cruz, da Universidade de Pernambuco, que consideraram, dentre outros aspectos, que:\u201d Processos de adoecimento ocorrem em todo o curso da vida humana, portanto, n\u00e3o \u00e9 um dado exclusivo da velhice; A associa\u00e7\u00e3o entre velhice e doen\u00e7a, conforme preconiza o CID 11, c\u00f3digo MG2A, ser\u00e1 um retrocesso na forma como pensamos, sentimos e agimos em rela\u00e7\u00e3o ao envelhecimento e corresponde a considerar a sa\u00fade como a aus\u00eancia da velhice; Prejudicar\u00e1 os diagn\u00f3sticos das doen\u00e7as que fornecem indicadores para compor dados estat\u00edsticos, n\u00e3o retratando a realidade, com s\u00e9rios reflexos para o planejamento de pol\u00edticas p\u00fablicas destinadas ao segmento idoso; (5) Poder\u00e1 motivar a acomoda\u00e7\u00e3o dos profissionais da sa\u00fade no sentido de n\u00e3o investigar e tampouco valorizar os sintomas e queixas apresentados por uma pessoa idosa, resultando na aus\u00eancia de diagn\u00f3sticos e tratamentos adequados para o referido segmento populacional aqueles que comp\u00f5em o princ\u00edpio constitucional da dignidade humana, mediante conquistas civilizat\u00f3rias.<\/p>\n<p>Esses s\u00e3o apenas alguns dos argumentos expostos pelas diferentes entidades que se manifestaram sobre o tema.<\/p>\n<p>Correta, portanto, a decis\u00e3o da OMS de n\u00e3o inserir a \u201cvelhice\u201d como c\u00f3digo no CID 11. Retira-se o termo \u201cold age\u201d e \u00e9 inserida o decl\u00ednio da capacidade intr\u00ednseca associada ao envelhecimento (ageing associated decline in intrinsic capacity).<\/p>\n<p>Derruba-se, assim, uma forma de discrimina\u00e7\u00e3o e preconceito contra a pessoa idosa. Tal conquista motiva ainda mais a AMPID a exercer o seu papel de\u00a0 defesa dos direitos da pessoa idosa, na certeza de que a luta \u00e9 cont\u00ednua, necess\u00e1ria e com resultados.<\/p>\n<p>&nbsp;<\/p>\n<p>Notas<\/p>\n<p><a href=\"#_ftnref1\" name=\"_ftn1\">[1]<\/a> http:\/\/ampid.org.br\/site2020\/nota-publica-de-alerta-a-sociedade-brasileira-sobre-a-alteracao-do-cid11-velhice-nao-e-doenca\/<\/p>\n<p><a href=\"#_ftnref2\" name=\"_ftn2\">[2]<\/a> <a href=\"https:\/\/www.cdc.org.br\/_files\/ugd\/cfa248_1fc86ed0be824d4384fec1603784cda6.pdf\">https:\/\/www.cdc.org.br\/_files\/ugd\/cfa248_1fc86ed0be824d4384fec1603784cda6.pdf<\/a><\/p>\n<p>&nbsp;<\/p>\n<p>&nbsp;<\/p>\n","protected":false},"excerpt":{"rendered":"<p>&nbsp; &nbsp; Nota P\u00fablica sobre reconhecimento da OMS em retirar do CID 11 a velhice, deixando de reconhec\u00ea-la como doen\u00e7a No m\u00eas de junho de 2021 a Associa\u00e7\u00e3o Nacional dos Membros do Minist\u00e9rio P\u00fablico de Defesa dos Direitos das Pessoas com Defici\u00eancia e Pessoas Idosas \u2013 AMPID, veio a p\u00fablico[1] para manifestar sua preocupa\u00e7\u00e3o e&#8230;<\/p>\n","protected":false},"author":2,"featured_media":9668,"comment_status":"open","ping_status":"open","sticky":false,"template":"","format":"standard","meta":{"_acf_changed":false,"inline_featured_image":false,"footnotes":""},"categories":[30,22,32],"tags":[109,25,137,41,42,136,45],"class_list":["post-10467","post","type-post","status-publish","format-standard","has-post-thumbnail","hentry","category-idosos","category-notas","category-publicacoes-em-destaque","tag-109","tag-ampid","tag-cid-11","tag-direitos-dos-idosos","tag-idosos-2","tag-ilpi","tag-pessoa-idosa"],"acf":[],"_links":{"self":[{"href":"http:\/\/ampid.org.br\/site2020\/index.php?rest_route=\/wp\/v2\/posts\/10467","targetHints":{"allow":["GET"]}}],"collection":[{"href":"http:\/\/ampid.org.br\/site2020\/index.php?rest_route=\/wp\/v2\/posts"}],"about":[{"href":"http:\/\/ampid.org.br\/site2020\/index.php?rest_route=\/wp\/v2\/types\/post"}],"author":[{"embeddable":true,"href":"http:\/\/ampid.org.br\/site2020\/index.php?rest_route=\/wp\/v2\/users\/2"}],"replies":[{"embeddable":true,"href":"http:\/\/ampid.org.br\/site2020\/index.php?rest_route=%2Fwp%2Fv2%2Fcomments&post=10467"}],"version-history":[{"count":1,"href":"http:\/\/ampid.org.br\/site2020\/index.php?rest_route=\/wp\/v2\/posts\/10467\/revisions"}],"predecessor-version":[{"id":10468,"href":"http:\/\/ampid.org.br\/site2020\/index.php?rest_route=\/wp\/v2\/posts\/10467\/revisions\/10468"}],"wp:featuredmedia":[{"embeddable":true,"href":"http:\/\/ampid.org.br\/site2020\/index.php?rest_route=\/wp\/v2\/media\/9668"}],"wp:attachment":[{"href":"http:\/\/ampid.org.br\/site2020\/index.php?rest_route=%2Fwp%2Fv2%2Fmedia&parent=10467"}],"wp:term":[{"taxonomy":"category","embeddable":true,"href":"http:\/\/ampid.org.br\/site2020\/index.php?rest_route=%2Fwp%2Fv2%2Fcategories&post=10467"},{"taxonomy":"post_tag","embeddable":true,"href":"http:\/\/ampid.org.br\/site2020\/index.php?rest_route=%2Fwp%2Fv2%2Ftags&post=10467"}],"curies":[{"name":"wp","href":"https:\/\/api.w.org\/{rel}","templated":true}]}}