{"id":10415,"date":"2021-12-02T13:59:05","date_gmt":"2021-12-02T16:59:05","guid":{"rendered":"http:\/\/ampid.org.br\/site2020\/?p=10415"},"modified":"2022-03-22T11:38:52","modified_gmt":"2022-03-22T14:38:52","slug":"nota-de-repudio-ao-decreto-10879-2021-que-convoca-a-quinta-conferencia-nacional-dos-direitos-da-pessoa-com-deficiencia","status":"publish","type":"post","link":"http:\/\/ampid.org.br\/site2020\/?p=10415","title":{"rendered":"Nota de Rep\u00fadio ao Decreto 10.879\/2021 que convoca a Quinta Confer\u00eancia Nacional dos Direitos da Pessoa com Defici\u00eancia"},"content":{"rendered":"<p><strong><img loading=\"lazy\" decoding=\"async\" class=\"alignnone size-medium wp-image-9667\" src=\"http:\/\/ampid.org.br\/site2020\/wp-content\/uploads\/2020\/07\/rep-300x125.jpg\" alt=\"\" width=\"300\" height=\"125\" srcset=\"http:\/\/ampid.org.br\/site2020\/wp-content\/uploads\/2020\/07\/rep-300x125.jpg 300w, http:\/\/ampid.org.br\/site2020\/wp-content\/uploads\/2020\/07\/rep-1024x427.jpg 1024w, http:\/\/ampid.org.br\/site2020\/wp-content\/uploads\/2020\/07\/rep.jpg 1920w\" sizes=\"auto, (max-width: 300px) 100vw, 300px\" \/><\/strong><\/p>\n<p><strong>Nota de Rep\u00fadio ao Decreto 10.879\/2021<\/strong><strong> que convoca a Quinta Confer\u00eancia Nacional dos Direitos da Pessoa com Defici\u00eancia<\/strong><\/p>\n<p><strong>\u00a0<\/strong><strong>A Associa\u00e7\u00e3o Nacional dos Membros do Minist\u00e9rio P\u00fablico de Defesa dos Direitos das Pessoas com Defici\u00eancia e Idosos \u2013 AMPID<\/strong> vem a p\u00fablico esclarecer e repudiar a convoca\u00e7\u00e3o para a Quinta Confer\u00eancia Nacional dos Direitos da Pessoa com Defici\u00eancia.<\/p>\n<p>O tema da confer\u00eancia \u00e9 <em>Cen\u00e1rio atual e futuro na implementa\u00e7\u00e3o dos direitos da pessoa com defici\u00eancia: construindo um Brasil mais inclusivo<\/em> e o ato \u00e9 exclusivo da Ministra do Minist\u00e9rio da Mulher, da Fam\u00edlia e dos Direitos Humanos quanto \u00e0 defini\u00e7\u00e3o do per\u00edodo e do local de realiza\u00e7\u00e3o da Quinta Confer\u00eancia e de acordo com a disponibilidade or\u00e7ament\u00e1ria e financeira da pasta.<\/p>\n<p>A Quinta Confer\u00eancia Nacional dos Direitos da Pessoa com Defici\u00eancia \u00e9 convocada <strong>sem qualquer legitimidade ou participa\u00e7\u00e3o das pessoas com defici\u00eancia e suas organiza\u00e7\u00f5es representativas<\/strong> pois falta o protagonista principal: o Conselho Nacional dos Direitos das Pessoas com Defici\u00eancia \u2013 CONADE, suspenso de atividades e composi\u00e7\u00e3o desde abril de 2021.<\/p>\n<p>Como ser\u00e1 poss\u00edvel \u201cconstruir um Brasil mais inclusivo\u201d sem atender minimamente ao comando de natureza constitucional de participa\u00e7\u00e3o das pessoas com defici\u00eancia por interm\u00e9dio de suas organiza\u00e7\u00f5es representativas (Artigo 4 da Conven\u00e7\u00e3o sobre os Direitos das Pessoas com Defici\u00eancia)<strong>?<\/strong><\/p>\n<p>Qual ser\u00e1 a comiss\u00e3o organizadora se a sociedade civil organizada n\u00e3o est\u00e1 presente?<\/p>\n<p>Somente o governo definir\u00e1 as prioridades, sem ouvir as partes diretamente interessadas?<\/p>\n<p>Como ser\u00e1 a escolha dos temas a serem enfrentados durante a Quinta Confer\u00eancia se o controle social previsto constitucionalmente est\u00e1 ausente?<\/p>\n<p>Como ficar\u00e3o a autonomia e a independ\u00eancia dos principais protagonistas do controle social &#8211; os conselhos de direitos estaduais e municipais \u2013 para as discuss\u00f5es sobre as prioridades das pol\u00edticas p\u00fablicas?<\/p>\n<p>S\u00e3o muitas as perguntas sem respostas, sem di\u00e1logo e sem participa\u00e7\u00e3o da sociedade.<\/p>\n<p>\u00c9 urgente a revoga\u00e7\u00e3o desse ato unilateral que gera mais exclus\u00e3o e menos democracia participativa.<\/p>\n<p>Bras\u00edlia, 2 de dezembro de 2021.<\/p>\n<p>&nbsp;<\/p>\n<p><strong>Cristiane Lucas Branquinho, presidenta<\/strong><\/p>\n<p><strong>\u00a0<\/strong><strong>\u00a0<\/strong><\/p>\n<p><strong>\u00a0<\/strong><strong>Maria Aparecida Gugel, Conselho Cient\u00edfico<\/strong><\/p>\n<p>&nbsp;<\/p>\n<p>Para acessar a Nota em PDF, clique aqui:\u00a0 <a href=\"http:\/\/ampid.org.br\/site2020\/wp-content\/uploads\/2021\/12\/NotaRepudio_Decreto10879_Conferencia_2021-1.pdf\">Nota de Rep\u00fadio ao Decreto 10.879\/2021 que convoca a Quinta Confer\u00eancia Nacional dos Diereitos da Pessoa com Defici\u00eancia_2021<\/a><\/p>\n","protected":false},"excerpt":{"rendered":"<p>Nota de Rep\u00fadio ao Decreto 10.879\/2021 que convoca a Quinta Confer\u00eancia Nacional dos Direitos da Pessoa com Defici\u00eancia \u00a0A Associa\u00e7\u00e3o Nacional dos Membros do Minist\u00e9rio P\u00fablico de Defesa dos Direitos das Pessoas com Defici\u00eancia e Idosos \u2013 AMPID vem a p\u00fablico esclarecer e repudiar a convoca\u00e7\u00e3o para a Quinta Confer\u00eancia Nacional dos Direitos da Pessoa&#8230;<\/p>\n","protected":false},"author":2,"featured_media":9667,"comment_status":"open","ping_status":"open","sticky":false,"template":"","format":"standard","meta":{"_acf_changed":false,"inline_featured_image":false,"footnotes":""},"categories":[22,31,32],"tags":[109,25,42,44,45,35,135,112],"class_list":["post-10415","post","type-post","status-publish","format-standard","has-post-thumbnail","hentry","category-notas","category-pessoas-com-deficiencia","category-publicacoes-em-destaque","tag-109","tag-ampid","tag-idosos-2","tag-pessoa-com-deficiencia","tag-pessoa-idosa","tag-pessoas-com-deficiencia-2","tag-quinta-conferencia-nacional-dos-direitos-da-pessoa-com-deficiencia","tag-vacina"],"acf":[],"_links":{"self":[{"href":"http:\/\/ampid.org.br\/site2020\/index.php?rest_route=\/wp\/v2\/posts\/10415","targetHints":{"allow":["GET"]}}],"collection":[{"href":"http:\/\/ampid.org.br\/site2020\/index.php?rest_route=\/wp\/v2\/posts"}],"about":[{"href":"http:\/\/ampid.org.br\/site2020\/index.php?rest_route=\/wp\/v2\/types\/post"}],"author":[{"embeddable":true,"href":"http:\/\/ampid.org.br\/site2020\/index.php?rest_route=\/wp\/v2\/users\/2"}],"replies":[{"embeddable":true,"href":"http:\/\/ampid.org.br\/site2020\/index.php?rest_route=%2Fwp%2Fv2%2Fcomments&post=10415"}],"version-history":[{"count":6,"href":"http:\/\/ampid.org.br\/site2020\/index.php?rest_route=\/wp\/v2\/posts\/10415\/revisions"}],"predecessor-version":[{"id":10580,"href":"http:\/\/ampid.org.br\/site2020\/index.php?rest_route=\/wp\/v2\/posts\/10415\/revisions\/10580"}],"wp:featuredmedia":[{"embeddable":true,"href":"http:\/\/ampid.org.br\/site2020\/index.php?rest_route=\/wp\/v2\/media\/9667"}],"wp:attachment":[{"href":"http:\/\/ampid.org.br\/site2020\/index.php?rest_route=%2Fwp%2Fv2%2Fmedia&parent=10415"}],"wp:term":[{"taxonomy":"category","embeddable":true,"href":"http:\/\/ampid.org.br\/site2020\/index.php?rest_route=%2Fwp%2Fv2%2Fcategories&post=10415"},{"taxonomy":"post_tag","embeddable":true,"href":"http:\/\/ampid.org.br\/site2020\/index.php?rest_route=%2Fwp%2Fv2%2Ftags&post=10415"}],"curies":[{"name":"wp","href":"https:\/\/api.w.org\/{rel}","templated":true}]}}