{"id":10202,"date":"2021-06-17T18:15:16","date_gmt":"2021-06-17T21:15:16","guid":{"rendered":"http:\/\/ampid.org.br\/site2020\/?p=10202"},"modified":"2022-02-28T22:04:18","modified_gmt":"2022-03-01T01:04:18","slug":"nota-publica-de-alerta-a-sociedade-brasileira-sobre-a-alteracao-do-cid11-velhice-nao-e-doenca","status":"publish","type":"post","link":"http:\/\/ampid.org.br\/site2020\/?p=10202","title":{"rendered":"Nota P\u00fablica de Alerta \u00e0 sociedade brasileira sobre a altera\u00e7\u00e3o do CID11 &#8211; &#8220;Velhice N\u00e3o \u00e9 Doen\u00e7a&#8221;"},"content":{"rendered":"<footer class=\"post-footer text-muted\"><\/footer>\n<footer>\u00a0\u00a0<\/footer>\n<footer><\/footer>\n<footer><\/footer>\n<footer><\/footer>\n<footer><\/footer>\n<footer><\/footer>\n<footer><\/footer>\n<footer><\/footer>\n<footer><\/footer>\n<footer><\/footer>\n<p><img loading=\"lazy\" decoding=\"async\" class=\"alignnone size-medium wp-image-9668\" src=\"http:\/\/ampid.org.br\/site2020\/wp-content\/uploads\/2020\/07\/pub-1-300x125.jpg\" alt=\"\" width=\"300\" height=\"125\" srcset=\"http:\/\/ampid.org.br\/site2020\/wp-content\/uploads\/2020\/07\/pub-1-300x125.jpg 300w, http:\/\/ampid.org.br\/site2020\/wp-content\/uploads\/2020\/07\/pub-1-1024x427.jpg 1024w, http:\/\/ampid.org.br\/site2020\/wp-content\/uploads\/2020\/07\/pub-1.jpg 1920w\" sizes=\"auto, (max-width: 300px) 100vw, 300px\" \/><\/p>\n<p>17 de junho de 2021<\/p>\n<p><strong>NOTA P\u00daBLICA DE ALERTA \u00c0 SOCIEDADE BRASILEIRA SOBRE A ALTERA\u00c7\u00c3O DO CID11 <\/strong><strong>&#8211; VELHICE N\u00c3O \u00c9 DOEN\u00c7A <\/strong><\/p>\n<p><strong>\u00a0<\/strong><strong>\u00a0<\/strong><\/p>\n<p><strong>A Associa\u00e7\u00e3o Nacional dos Membros do Minist\u00e9rio P\u00fablico de Defesa dos Direitos das Pessoas com Defici\u00eancia e Idosos \u2013 AMPID<\/strong>\u00a0manifesta intensa preocupa\u00e7\u00e3o e, ao mesmo tempo, alerta \u00e0 sociedade brasileira sobre a necessidade de a\u00e7\u00e3o organizada e imediata contra a lista da Classifica\u00e7\u00e3o Internacional de Doen\u00e7as (CID 11), adotada em 2019 na 72\u00aa Assembleia Mundial da Sa\u00fade, que entrar\u00e1 em vigor em 1\u00ba de janeiro de 2022.<\/p>\n<p>&nbsp;<\/p>\n<p>A nova tabela publicada pela Organiza\u00e7\u00e3o Mundial de Sa\u00fade (OMS) tem como objetivo padronizar os diagn\u00f3sticos, incluindo no <em>ICD11<\/em> o c\u00f3digo <em>MG2A<\/em> (<em>old age without mention of psychosis; senescence without mention of psychosis; senile debility<\/em>). Com isso a condi\u00e7\u00e3o de <u>velhice<\/u> (<em>old age<\/em>) passa a ser considerada doen\u00e7a, podendo ser anotada pelo profissional m\u00e9dico sob o CID11.<\/p>\n<p>&nbsp;<\/p>\n<p>Os profissionais de sa\u00fade e gerontologia alertam que velhice \u00e9 uma condi\u00e7\u00e3o humana e n\u00e3o um sintoma de doen\u00e7a. Ao ser considerada um sintoma merecer\u00e1 um diagn\u00f3stico. Esse diagn\u00f3stico ser\u00e1 pass\u00edvel de tratamento com medicamentos ou seja, estar\u00e1 \u00e0 merc\u00ea da explora\u00e7\u00e3o da ind\u00fastria farmac\u00eautica e de profissionais da \u00e1rea de tratamentos antienvelhecimento.<\/p>\n<p>&nbsp;<\/p>\n<p>Qualquer pessoa idosa classificada com o CID11 poder\u00e1 sofrer ainda mais preconceito, implicando em discrimina\u00e7\u00e3o por idade (<em>etarismo, idadismo, ageismo<\/em>), em todos os dom\u00ednios da vida.<\/p>\n<p>&nbsp;<\/p>\n<p>Se uma pessoa idosa, 60 anos ou mais, com algum agravo de sa\u00fade (press\u00e3o alta, diabetes, osteoporose) for simplesmente classificada pelo CID11 e n\u00e3o pela doen\u00e7a que tem, todos os direitos fundamentais constantes do Estatuto do Idoso s\u00e3o afetados. Uma pessoa idosa que queria continuar trabalhando, por exemplo, certamente ter\u00e1 desvantagens de perman\u00eancia no trabalho, se o profissional m\u00e9dico classific\u00e1-la com o CID11.<\/p>\n<p>&nbsp;<\/p>\n<p>Essa concep\u00e7\u00e3o de velhice\/doen\u00e7a da OMS para a Classifica\u00e7\u00e3o Internacional de Doen\u00e7as \u00e9 paradoxal \u00e0 promo\u00e7\u00e3o da Organiza\u00e7\u00e3o das Na\u00e7\u00f5es Unidas (ONU) para <strong>a <\/strong><a href=\"https:\/\/www.maturi.com.br\/diversidade\/bem-vindos-a-decada-do-envelhecimento-saudavel\/\"><strong>D\u00e9cada do Envelhecimento Saud\u00e1vel<\/strong><\/a> (2021-2030)<a href=\"#_ftn1\" name=\"_ftnref1\">[1]<\/a> e \u00e0 Campanha Global de Combate ao Idadismo<a href=\"#_ftn2\" name=\"_ftnref2\">[2]<\/a>.<\/p>\n<p>&nbsp;<\/p>\n<p>\u00c9 preciso que <strong>o Estado brasileiro, seguindo os protocolos de representa\u00e7\u00e3o junto \u00e0 OMS, manifeste sua contrariedade e n\u00e3o aceita\u00e7\u00e3o dessa concep\u00e7\u00e3o \u201cvelhice\/doen\u00e7a\u201d <\/strong>pois, esta ofende a sociedade brasileira, sua Constitui\u00e7\u00e3o da Rep\u00fablica que tem como fundamento a dignidade da pessoa humana (artigo 1\u00ba inciso III), a promo\u00e7\u00e3o do bem de todos sem preconceitos de idade e quaisquer formas de discrimina\u00e7\u00e3o (artigo 3\u00ba inciso IV) e tem como valor social o amparo, a defesa e o bem-estar das pessoas idosas, garantindo-lhes o direito \u00e0 vida (artigo 230), e seu Estatuto do Idoso (Lei n 10.741\/2003) que propugna a n\u00e3o discrimina\u00e7\u00e3o ou atentado aos seus direitos.<\/p>\n<p>&nbsp;<\/p>\n<p>A sociedade brasileira \u00e9 de todas as idades e n\u00e3o quer diagnosticar seus cidad\u00e3os e cidad\u00e3s idosos(as) como doente \u2013 velhice n\u00e3o \u00e9 doen\u00e7a!<\/p>\n<p>&nbsp;<\/p>\n<p>Bras\u00edlia, 17 de junho de 2021.<\/p>\n<p><strong>MARIA APARECIDA GUGEL, Presidenta<\/strong><\/p>\n<p><a href=\"https:\/\/www.facebook.com\/alexandre.alcantara.509\"><strong>ALEXANDRE DE OLIVEIRA ALC\u00c2NTARA<\/strong><\/a><strong> e <\/strong><strong>\u00a0REBECCA NUNES BEZERRA \u2013 Conselho T\u00e9cnico Cient\u00edfico<\/strong><\/p>\n<p><strong>\u00a0<\/strong><\/p>\n<p><strong>\u00a0<\/strong>Para acessar o documento em PDF, clique aqui: <a href=\"http:\/\/ampid.org.br\/site2020\/wp-content\/uploads\/2021\/06\/NotaAlertaCID11_2021.pdf\"><strong>NOTA P\u00daBLICA DE ALERTA \u00c0 SOCIEDADE BRASILEIRA SOBRE A ALTERA\u00c7\u00c3O DO CID11 <\/strong><strong>&#8211; VELHICE N\u00c3O \u00c9 DOEN\u00c7A<\/strong>_2021<\/a><\/p>\n<div><\/div>\n","protected":false},"excerpt":{"rendered":"<p>\u00a0\u00a0 17 de junho de 2021 NOTA P\u00daBLICA DE ALERTA \u00c0 SOCIEDADE BRASILEIRA SOBRE A ALTERA\u00c7\u00c3O DO CID11 &#8211; VELHICE N\u00c3O \u00c9 DOEN\u00c7A \u00a0\u00a0 A Associa\u00e7\u00e3o Nacional dos Membros do Minist\u00e9rio P\u00fablico de Defesa dos Direitos das Pessoas com Defici\u00eancia e Idosos \u2013 AMPID\u00a0manifesta intensa preocupa\u00e7\u00e3o e, ao mesmo tempo, alerta \u00e0 sociedade brasileira sobre&#8230;<\/p>\n","protected":false},"author":2,"featured_media":9668,"comment_status":"open","ping_status":"open","sticky":false,"template":"","format":"standard","meta":{"_acf_changed":false,"inline_featured_image":false,"footnotes":""},"categories":[30,22,32],"tags":[109,25,125,127,27,78,124,42,44,126,35,20],"class_list":["post-10202","post","type-post","status-publish","format-standard","has-post-thumbnail","hentry","category-idosos","category-notas","category-publicacoes-em-destaque","tag-109","tag-ampid","tag-ampid-conade","tag-cid11","tag-conade","tag-covid-19","tag-decreto10-177","tag-idosos-2","tag-pessoa-com-deficiencia","tag-pessoas-com-defici","tag-pessoas-com-deficiencia-2","tag-slider"],"acf":[],"_links":{"self":[{"href":"http:\/\/ampid.org.br\/site2020\/index.php?rest_route=\/wp\/v2\/posts\/10202","targetHints":{"allow":["GET"]}}],"collection":[{"href":"http:\/\/ampid.org.br\/site2020\/index.php?rest_route=\/wp\/v2\/posts"}],"about":[{"href":"http:\/\/ampid.org.br\/site2020\/index.php?rest_route=\/wp\/v2\/types\/post"}],"author":[{"embeddable":true,"href":"http:\/\/ampid.org.br\/site2020\/index.php?rest_route=\/wp\/v2\/users\/2"}],"replies":[{"embeddable":true,"href":"http:\/\/ampid.org.br\/site2020\/index.php?rest_route=%2Fwp%2Fv2%2Fcomments&post=10202"}],"version-history":[{"count":3,"href":"http:\/\/ampid.org.br\/site2020\/index.php?rest_route=\/wp\/v2\/posts\/10202\/revisions"}],"predecessor-version":[{"id":10528,"href":"http:\/\/ampid.org.br\/site2020\/index.php?rest_route=\/wp\/v2\/posts\/10202\/revisions\/10528"}],"wp:featuredmedia":[{"embeddable":true,"href":"http:\/\/ampid.org.br\/site2020\/index.php?rest_route=\/wp\/v2\/media\/9668"}],"wp:attachment":[{"href":"http:\/\/ampid.org.br\/site2020\/index.php?rest_route=%2Fwp%2Fv2%2Fmedia&parent=10202"}],"wp:term":[{"taxonomy":"category","embeddable":true,"href":"http:\/\/ampid.org.br\/site2020\/index.php?rest_route=%2Fwp%2Fv2%2Fcategories&post=10202"},{"taxonomy":"post_tag","embeddable":true,"href":"http:\/\/ampid.org.br\/site2020\/index.php?rest_route=%2Fwp%2Fv2%2Ftags&post=10202"}],"curies":[{"name":"wp","href":"https:\/\/api.w.org\/{rel}","templated":true}]}}