{"id":10005,"date":"2021-03-08T10:48:34","date_gmt":"2021-03-08T13:48:34","guid":{"rendered":"http:\/\/ampid.org.br\/site2020\/?p=10005"},"modified":"2021-03-08T10:56:50","modified_gmt":"2021-03-08T13:56:50","slug":"conade-pede-a-revogacao-do-decreto-sobre-o-modelo-unico-de-avaliacao-da-pessoa-com-deficiencia","status":"publish","type":"post","link":"http:\/\/ampid.org.br\/site2020\/?p=10005","title":{"rendered":"Conade pede a revoga\u00e7\u00e3o do decreto sobre o modelo \u00fanico de avalia\u00e7\u00e3o da Pessoa com defici\u00eancia"},"content":{"rendered":"<p>06 de mar\u00e7o de 2021<\/p>\n<p>Conade pede a revoga\u00e7\u00e3o do decreto que altera o prazo de dura\u00e7\u00e3o do grupo de trabalho que trata do modelo \u00fanico de avalia\u00e7\u00e3o da Pessoa com defici\u00eancia<\/p>\n<p>OF\u00cdCIO N.\u00b0 35\/2021\/CONADE\/DGRI\/SNDPD\/MMFDH<br \/>\nBras\u00edlia, 19 de fevereiro de 2021.<\/p>\n<p>A Senhora<br \/>\nDAMARES ALVES<br \/>\nMinistra de Estado da Mulher, da Fam\u00edlia e dos Direitos Humanos<br \/>\nEsplanada dos Minist\u00e9rios \u2013 Bloco A, 5\u00ba andar<br \/>\nCEP: 70.054-906 Bras\u00edlia &#8211; DFE-mail: agenda.gab@mdh.gov.brAssunto: Resposta ao Ocio n\u00ba616\/2021\/GM.MMFDH\/MMFDH.<\/p>\n<p>1. Em resposta ao vosso Ocio n\u00ba616\/2021\/GM.MMFDH\/MMFDH (1732201), informo que o<br \/>\ncolegiado deste Conselho Nacional, em sua 2\u00aa Reuni\u00e3o Extraordin\u00e1ria, realizada no dia 10 de fevereiro de 2021, cuja a pauta \u00fanica debada foi o Instrumento da Avalia\u00e7\u00e3o Biopsicossocial da Defici\u00eancia, IFBr-M, ap\u00f3s exausvo debate envolvendo Conselheiros, especialistas e convidados, considerando a urgente e imediata necessidade de implementa\u00e7\u00e3o do Modelo \u00danico de Avalia\u00e7\u00e3o Biopsicossocial, considerando que poss\u00edveis ajustes ao instrumento podem ser realizados em sua connua aplica\u00e7\u00e3o, deliberou pelos seguintes posicionamentos:<\/p>\n<p>I\u00a0&#8211; Solicita\u00e7\u00e3o de Revoga\u00e7\u00e3o do Decreto n\u00ba 10.611\/2021 (que alterou a dura\u00e7\u00e3o do<br \/>\nprazo final do Grupo de Trabalho Interinstucional sobre o Modelo \u00danico de Avalia\u00e7\u00e3o<br \/>\nBiopsicossocial da Defici\u00eancia para 30 de setembro de 2021);<\/p>\n<p>II &#8211; Solicita\u00e7\u00e3o de edi\u00e7\u00e3o de decreto, em um per\u00edodo n\u00e3o superior a 30 dias, em que<br \/>\nseja reconhecido o \u00cdndice de Funcionalidade Brasileiro Modificado &#8211; IFBrM como<br \/>\ninstrumento h\u00e1bil para implementa\u00e7\u00e3o do modelo de avalia\u00e7\u00e3o biopsicossocial da<br \/>\ndefici\u00eancia de que trata o \u00a7 1\u00ba do argo 2\u00ba da LBI, e estabelecendo um prazo n\u00e3o excedente<br \/>\na 30 de dezembro de 2021 para a realiza\u00e7\u00e3o dos ajustes necess\u00e1rios \u00e0 sua implementa\u00e7\u00e3o,<br \/>\nassegurando sua n\u00e3o descaracteriza\u00e7\u00e3o;<\/p>\n<p>III &#8211; Solicita\u00e7\u00e3o de implementa\u00e7\u00e3o de um sistema robusto para a operacionaliza\u00e7\u00e3o do<br \/>\ninstrumento, programa de capacita\u00e7\u00e3o dos\/das avaliadores\/as;<\/p>\n<p>IV &#8211; Solicita\u00e7\u00e3o de Desenvolvimento de indicadores e edi\u00e7\u00e3o de ato normavo para<br \/>\norientar a gest\u00e3o e a implanta\u00e7\u00e3o do instrumento, com a defini\u00e7\u00e3o de fluxos, sistemas,<br \/>\npol\u00edcas por ele alcan\u00e7adas entre outros aspectos;<\/p>\n<p>V &#8211; Instui\u00e7\u00e3o de uma Comiss\u00e3o Permanente de Monitoramento da Implementa\u00e7\u00e3o<br \/>\ndo IFBr-M e do Modelo \u00danico de Avalia\u00e7\u00e3o da Defici\u00eancia assegurando a parcipa\u00e7\u00e3o de<br \/>\nservidores da SNDPD, representantes deste Conselho Nacional dos Direitos da Pessoa com<br \/>\nDefici\u00eancia, pesquisadores, organiza\u00e7\u00f5es representavas de e para pessoas com defici\u00eancia<br \/>\ne outros que se fizerem necess\u00e1rias.<\/p>\n<p>2. Por todas as considera\u00e7\u00f5es e encaminhamentos acima apresentados, o colegiado deste<br \/>\nConselho deliberou ainda pela n\u00e3o connuidade de sua parcipa\u00e7\u00e3o no Grupo de Trabalho Interinstucional<br \/>\n&#8211; GTI que trata da Avalia\u00e7\u00e3o Biopsicossocial.<\/p>\n<p>3. Sem mais, aguardando as provid\u00eancias ora apresentadas, antecipadamente agradecendo,<br \/>\naproveitando ainda a oportunidade para renovar protesto de esma e considera\u00e7\u00e3o.<br \/>\nAtenciosamente,<\/p>\n<p>(assinado eletronicamente)<br \/>\nMARCO ANTONIO CASTILHO CARNEIRO<\/p>\n<p>Presidente do Conselho Nacional dos Direitos da Pessoa com Defici\u00eancia &#8211; CONADE<br \/>\nDocumento assinado eletronicamente por Marco Antonio Castilho Carneiro, Usu\u00e1rio Externo, em<br \/>\n19\/02\/2021, \u00e0s 17:21, conforme o \u00a7 1\u00ba do art. 6\u00ba e art. 10 do Decreto n\u00ba 8.539\/2015.<\/p>\n<p>A autenticidade deste documento pode ser conferida no site <a href=\"https:\/\/sei.mdh.gov.br\/autenticidade\">https:\/\/sei.mdh.gov.br\/autenticidade<\/a>,<br \/>\ninformando o c\u00f3digo verificador 1796801 e o c\u00f3digo CRC 4823265E.<\/p>\n<p>Refer\u00eancia: Caso responda este of\u00edcio, indicar expressamente o Processo n\u00ba 00135.213585\/2020-52 SEI n\u00ba 1796801<br \/>\nEsplanada dos Minist\u00e9rios, Bloco A, 9\u00ba Andar &#8211; Zona C\u00edvica-Administrava<br \/>\nCEP 70054-906 &#8211; Bras\u00edlia\/DF &#8211; <a href=\"http:\/\/www.mdh.gov.br\">http:\/\/www.mdh.gov.br<\/a> &#8211; E-mail para resposta: protocologeral@mdh.gov.br<\/p>\n<p>Para acessar o Of\u00edcio, clique <a href=\"http:\/\/ampid.org.br\/site2020\/wp-content\/uploads\/2021\/03\/SEI_MDH-1796801-Ofi\u0301cio.pdf\">aqui<\/a><\/p>\n<p>&nbsp;<\/p>\n<p>&nbsp;<\/p>\n<p>&nbsp;<\/p>\n<p>&nbsp;<\/p>\n","protected":false},"excerpt":{"rendered":"<p>06 de mar\u00e7o de 2021 Conade pede a revoga\u00e7\u00e3o do decreto que altera o prazo de dura\u00e7\u00e3o do grupo de trabalho que trata do modelo \u00fanico de avalia\u00e7\u00e3o da Pessoa com defici\u00eancia OF\u00cdCIO N.\u00b0 35\/2021\/CONADE\/DGRI\/SNDPD\/MMFDH Bras\u00edlia, 19 de fevereiro de 2021. A Senhora DAMARES ALVES Ministra de Estado da Mulher, da Fam\u00edlia e dos Direitos&#8230;<\/p>\n","protected":false},"author":2,"featured_media":10007,"comment_status":"open","ping_status":"open","sticky":false,"template":"","format":"standard","meta":{"_acf_changed":false,"inline_featured_image":false,"footnotes":""},"categories":[31,32],"tags":[109,25,27,29,35],"class_list":["post-10005","post","type-post","status-publish","format-standard","has-post-thumbnail","hentry","category-pessoas-com-deficiencia","category-publicacoes-em-destaque","tag-109","tag-ampid","tag-conade","tag-direitos-da-pessoa-idosa","tag-pessoas-com-deficiencia-2"],"acf":[],"_links":{"self":[{"href":"http:\/\/ampid.org.br\/site2020\/index.php?rest_route=\/wp\/v2\/posts\/10005","targetHints":{"allow":["GET"]}}],"collection":[{"href":"http:\/\/ampid.org.br\/site2020\/index.php?rest_route=\/wp\/v2\/posts"}],"about":[{"href":"http:\/\/ampid.org.br\/site2020\/index.php?rest_route=\/wp\/v2\/types\/post"}],"author":[{"embeddable":true,"href":"http:\/\/ampid.org.br\/site2020\/index.php?rest_route=\/wp\/v2\/users\/2"}],"replies":[{"embeddable":true,"href":"http:\/\/ampid.org.br\/site2020\/index.php?rest_route=%2Fwp%2Fv2%2Fcomments&post=10005"}],"version-history":[{"count":8,"href":"http:\/\/ampid.org.br\/site2020\/index.php?rest_route=\/wp\/v2\/posts\/10005\/revisions"}],"predecessor-version":[{"id":10015,"href":"http:\/\/ampid.org.br\/site2020\/index.php?rest_route=\/wp\/v2\/posts\/10005\/revisions\/10015"}],"wp:featuredmedia":[{"embeddable":true,"href":"http:\/\/ampid.org.br\/site2020\/index.php?rest_route=\/wp\/v2\/media\/10007"}],"wp:attachment":[{"href":"http:\/\/ampid.org.br\/site2020\/index.php?rest_route=%2Fwp%2Fv2%2Fmedia&parent=10005"}],"wp:term":[{"taxonomy":"category","embeddable":true,"href":"http:\/\/ampid.org.br\/site2020\/index.php?rest_route=%2Fwp%2Fv2%2Fcategories&post=10005"},{"taxonomy":"post_tag","embeddable":true,"href":"http:\/\/ampid.org.br\/site2020\/index.php?rest_route=%2Fwp%2Fv2%2Ftags&post=10005"}],"curies":[{"name":"wp","href":"https:\/\/api.w.org\/{rel}","templated":true}]}}